{"id":1020,"date":"2016-01-04T16:52:38","date_gmt":"2016-01-04T14:52:38","guid":{"rendered":"http:\/\/blog.liesdoch.de\/?p=1020"},"modified":"2016-01-04T16:52:38","modified_gmt":"2016-01-04T14:52:38","slug":"dem-menschen-nahe-sein","status":"publish","type":"post","link":"https:\/\/blog.liesdoch.de\/?p=1020","title":{"rendered":"Dem Menschen nahe sein"},"content":{"rendered":"<p>&nbsp;<\/p>\n<p>&nbsp;<\/p>\n<p><a href=\"http:\/\/blog.liesdoch.de\/wp-content\/uploads\/2016\/01\/40864110z.jpg\"><img loading=\"lazy\" decoding=\"async\" class=\"alignnone size-medium wp-image-1021\" src=\"http:\/\/blog.liesdoch.de\/wp-content\/uploads\/2016\/01\/40864110z-186x300.jpg\" alt=\"40864110z\" width=\"186\" height=\"300\" srcset=\"https:\/\/blog.liesdoch.de\/wp-content\/uploads\/2016\/01\/40864110z-186x300.jpg 186w, https:\/\/blog.liesdoch.de\/wp-content\/uploads\/2016\/01\/40864110z.jpg 261w\" sizes=\"auto, (max-width: 186px) 100vw, 186px\" \/><\/a><\/p>\n<p>&nbsp;<\/p>\n<p>Herwig Oberlerchner (Hg.), Dem Menschen nahe sein, Styria 2015, ISBN 978-3-222-13483-8<\/p>\n<p>&nbsp;<\/p>\n<p>Die Debatte um die Sterbehilfe wird in Deutschland auch nach dem Beschluss des Bundestags vor einigen Wochen weiter gehen. Bei diesem Beschluss haben sich die eher moderaten und konservativen Kr\u00e4fte quer durch die Parteien durchgesetzt, doch die Kritik daran folgte auf dem Fu\u00df und wird, so ist zu erwarten, in den n\u00e4chsten Jahren weitergehen. B\u00fccher wie zuletzt das von Georg Diez (Die letzte Freiheit. Vom Recht sein Ende selbst zu bestimmen, Berlin Verlag 2015) werden die Debatte eher bestimmen, als die warnenden T\u00f6ne derer, die in dem hier vorliegenden Buch zu Worte kommen.<\/p>\n<p>Sie alle k\u00f6nnen aus unterschiedlichen Rollen und Aufgaben auf lange Erfahrungen in der Sterbebegleitung von Menschen zur\u00fcckblicken und sie eint gerade deshalb das Engagement gegen die aktive Sterbehilfe, wie sie als \u201eletzte Freiheit\u201c von den Bef\u00fcrwortern hochgehalten wird.<\/p>\n<p>Aus ausnahmslos praktischen Perspektiven und Erfahrungen stellen die Autoren (\u00c4rzte, Pfleger, Anw\u00e4lte, Theologen) immer wieder in ihren unterschiedlichen Beitr\u00e4gen die Frage nach der W\u00fcrde des Menschen, nach dem Leiden und seinem fraglichen Sinn, nach der Verantwortung von Angeh\u00f6rigen und nach dem Tod.<\/p>\n<p>Das Buch ist, auch wenn es an manchen Stellen zu langatmig daherkommen mag, eine gro\u00dfe Hilfe in der Argumentation um die Sterbehilfe, weil es Aspekte und Werte einbringt, die in der \u00f6ffentlichen Debatte leider immer mehr in den Hintergrund geraten, weil es wie zu einem Tabu geworden ist, im Leiden noch einen irgendwie gearteten Sinn zu sehen, und im Zusammenhang mit dem Thema von Glauben zu sprechen.<\/p>\n<p>&nbsp;<\/p>\n<p>&nbsp;<\/p>\n<p>&nbsp;<\/p>\n<p>&nbsp;<\/p>\n<p>&nbsp;<\/p>\n<p>&nbsp;<\/p>\n<p>&nbsp;<\/p>\n<p>&nbsp;<\/p>\n","protected":false},"excerpt":{"rendered":"<p>&nbsp; &nbsp; &nbsp; Herwig Oberlerchner (Hg.), Dem Menschen nahe sein, Styria 2015, ISBN 978-3-222-13483-8 &nbsp; Die Debatte um die Sterbehilfe wird in Deutschland auch nach dem Beschluss des Bundestags vor einigen Wochen weiter gehen. Bei diesem Beschluss haben sich die eher moderaten und konservativen Kr\u00e4fte quer durch die Parteien durchgesetzt, doch die Kritik daran folgte &hellip; <a href=\"https:\/\/blog.liesdoch.de\/?p=1020\" class=\"more-link\"><span class=\"screen-reader-text\">Dem Menschen nahe sein<\/span> weiterlesen <span class=\"meta-nav\">&rarr;<\/span><\/a><\/p>\n","protected":false},"author":6,"featured_media":0,"comment_status":"open","ping_status":"open","sticky":false,"template":"","format":"standard","meta":{"footnotes":""},"categories":[1],"tags":[325,324],"class_list":["post-1020","post","type-post","status-publish","format-standard","hentry","category-allgemein","tag-sterbebegleitung","tag-sterbehilfe"],"_links":{"self":[{"href":"https:\/\/blog.liesdoch.de\/index.php?rest_route=\/wp\/v2\/posts\/1020","targetHints":{"allow":["GET"]}}],"collection":[{"href":"https:\/\/blog.liesdoch.de\/index.php?rest_route=\/wp\/v2\/posts"}],"about":[{"href":"https:\/\/blog.liesdoch.de\/index.php?rest_route=\/wp\/v2\/types\/post"}],"author":[{"embeddable":true,"href":"https:\/\/blog.liesdoch.de\/index.php?rest_route=\/wp\/v2\/users\/6"}],"replies":[{"embeddable":true,"href":"https:\/\/blog.liesdoch.de\/index.php?rest_route=%2Fwp%2Fv2%2Fcomments&post=1020"}],"version-history":[{"count":1,"href":"https:\/\/blog.liesdoch.de\/index.php?rest_route=\/wp\/v2\/posts\/1020\/revisions"}],"predecessor-version":[{"id":1022,"href":"https:\/\/blog.liesdoch.de\/index.php?rest_route=\/wp\/v2\/posts\/1020\/revisions\/1022"}],"wp:attachment":[{"href":"https:\/\/blog.liesdoch.de\/index.php?rest_route=%2Fwp%2Fv2%2Fmedia&parent=1020"}],"wp:term":[{"taxonomy":"category","embeddable":true,"href":"https:\/\/blog.liesdoch.de\/index.php?rest_route=%2Fwp%2Fv2%2Fcategories&post=1020"},{"taxonomy":"post_tag","embeddable":true,"href":"https:\/\/blog.liesdoch.de\/index.php?rest_route=%2Fwp%2Fv2%2Ftags&post=1020"}],"curies":[{"name":"wp","href":"https:\/\/api.w.org\/{rel}","templated":true}]}}