{"id":1032,"date":"2016-01-06T12:17:36","date_gmt":"2016-01-06T10:17:36","guid":{"rendered":"http:\/\/blog.liesdoch.de\/?p=1032"},"modified":"2016-01-06T12:17:36","modified_gmt":"2016-01-06T10:17:36","slug":"der-gewitter-ritter","status":"publish","type":"post","link":"https:\/\/blog.liesdoch.de\/?p=1032","title":{"rendered":"Der Gewitter-Ritter"},"content":{"rendered":"<p>&nbsp;<\/p>\n<p><a href=\"http:\/\/blog.liesdoch.de\/wp-content\/uploads\/2016\/01\/42557166z.jpg\"><img loading=\"lazy\" decoding=\"async\" class=\"alignnone size-medium wp-image-1033\" src=\"http:\/\/blog.liesdoch.de\/wp-content\/uploads\/2016\/01\/42557166z-300x287.jpg\" alt=\"42557166z\" width=\"300\" height=\"287\" srcset=\"https:\/\/blog.liesdoch.de\/wp-content\/uploads\/2016\/01\/42557166z-300x287.jpg 300w, https:\/\/blog.liesdoch.de\/wp-content\/uploads\/2016\/01\/42557166z.jpg 340w\" sizes=\"auto, (max-width: 300px) 100vw, 300px\" \/><\/a><\/p>\n<p>&nbsp;<\/p>\n<p>Kai L\u00fcftner, Der Gewitter-Ritter, Klett Kinderbuch 2015, ISBN 978-3-95470-121-6<\/p>\n<p>&nbsp;<\/p>\n<p>Ich habe schon viele Bilderb\u00fccher \u00fcber Wut und den Zorn von kleinen Kindern gelesen, betrachtet und auch besprochen, aber bisher hat mich keines so ber\u00fchrt, so \u00fcberzeigt, ja regelrecht mitgerissen in seinen Bildern und sprachm\u00e4chtigen Reime wie das vorliegende neue Buch von Kai L\u00fcftner mit dem Titel \u201eDer Gewitter-Ritter\u201c.<\/p>\n<p>Es beschreibt einen Wutanfall eines kleinen Jungen, der auf den unteren Seitenh\u00e4lften wie als Untertitel in zarten Strichen in seiner Ver\u00e4nderung immer wieder fortlaufend abgebildet wird.<\/p>\n<p>Auf den oberen zwei Drittel der Seiten hat Kai L\u00fcftner den Beginn, den H\u00f6hepunkt und das Abflachen seines Wutanfalls in kr\u00e4ftigen Farben gezeichnet und das Ganze mit wunderbaren, sprachm\u00e4chtigen, fast epischen Reimen unterlegt, die, entsprechendes Vorlesen vorausgesetzt, ihre eigene Wirkung entfalten.<\/p>\n<p>Ein Beispiel aus dem H\u00f6hepunkt der Wut:<\/p>\n<p>\u201eEin Grollen, ein Glei\u00dfen, ein Dr\u00f6hnen, ein Rei\u00dfen,<\/p>\n<p>die Wolken ergrauen, die eben noch wei\u00dfen,<\/p>\n<p>es rumpelt und bollert aus riesigen R\u00f6hren<\/p>\n<p>und au\u00dfer Gepolter ist nichts mehr zu h\u00f6ren.<\/p>\n<p>Es wittert und wattert, es knirscht und kantert,<\/p>\n<p>es rasselt und prasselt und pl\u00f6tzlich, da plattert &#8211;<\/p>\n<p>das Wasser in Massen, aus K\u00fcbeln und Tassen,<\/p>\n<p>mit Donnerget\u00f6se, ganz b\u00f6se.\u201c<\/p>\n<p>Doch irgendwann h\u00f6ren die Tr\u00e4nen auf zu flie\u00dfen, und nachdem sich der kleine Gewitter-Ritter mit einem lauten Schrei von seinem Elend befreit hat, beginnt auch die Sonne wieder zu scheinen und von Papas Schultern sieht die Welt wieder ganz anders aus. Dieser Vater hat, so nehme ich an, die ganze Zeit \u00fcber den Anfall seines Sohnes beobachtet und ihn \u201egelassen\u201c.<\/p>\n<p>Ein tolles, im \u00dcbrigen preisw\u00fcrdiges Bilderbuch.<\/p>\n<p>&nbsp;<\/p>\n<p>&nbsp;<\/p>\n<p>&nbsp;<\/p>\n","protected":false},"excerpt":{"rendered":"<p>&nbsp; &nbsp; Kai L\u00fcftner, Der Gewitter-Ritter, Klett Kinderbuch 2015, ISBN 978-3-95470-121-6 &nbsp; Ich habe schon viele Bilderb\u00fccher \u00fcber Wut und den Zorn von kleinen Kindern gelesen, betrachtet und auch besprochen, aber bisher hat mich keines so ber\u00fchrt, so \u00fcberzeigt, ja regelrecht mitgerissen in seinen Bildern und sprachm\u00e4chtigen Reime wie das vorliegende neue Buch von Kai &hellip; <a href=\"https:\/\/blog.liesdoch.de\/?p=1032\" class=\"more-link\"><span class=\"screen-reader-text\">Der Gewitter-Ritter<\/span> weiterlesen <span class=\"meta-nav\">&rarr;<\/span><\/a><\/p>\n","protected":false},"author":6,"featured_media":0,"comment_status":"open","ping_status":"open","sticky":false,"template":"","format":"standard","meta":{"footnotes":""},"categories":[1],"tags":[33,42,329],"class_list":["post-1032","post","type-post","status-publish","format-standard","hentry","category-allgemein","tag-bilderbuch","tag-reime","tag-wut"],"_links":{"self":[{"href":"https:\/\/blog.liesdoch.de\/index.php?rest_route=\/wp\/v2\/posts\/1032","targetHints":{"allow":["GET"]}}],"collection":[{"href":"https:\/\/blog.liesdoch.de\/index.php?rest_route=\/wp\/v2\/posts"}],"about":[{"href":"https:\/\/blog.liesdoch.de\/index.php?rest_route=\/wp\/v2\/types\/post"}],"author":[{"embeddable":true,"href":"https:\/\/blog.liesdoch.de\/index.php?rest_route=\/wp\/v2\/users\/6"}],"replies":[{"embeddable":true,"href":"https:\/\/blog.liesdoch.de\/index.php?rest_route=%2Fwp%2Fv2%2Fcomments&post=1032"}],"version-history":[{"count":1,"href":"https:\/\/blog.liesdoch.de\/index.php?rest_route=\/wp\/v2\/posts\/1032\/revisions"}],"predecessor-version":[{"id":1034,"href":"https:\/\/blog.liesdoch.de\/index.php?rest_route=\/wp\/v2\/posts\/1032\/revisions\/1034"}],"wp:attachment":[{"href":"https:\/\/blog.liesdoch.de\/index.php?rest_route=%2Fwp%2Fv2%2Fmedia&parent=1032"}],"wp:term":[{"taxonomy":"category","embeddable":true,"href":"https:\/\/blog.liesdoch.de\/index.php?rest_route=%2Fwp%2Fv2%2Fcategories&post=1032"},{"taxonomy":"post_tag","embeddable":true,"href":"https:\/\/blog.liesdoch.de\/index.php?rest_route=%2Fwp%2Fv2%2Ftags&post=1032"}],"curies":[{"name":"wp","href":"https:\/\/api.w.org\/{rel}","templated":true}]}}