{"id":1047,"date":"2016-01-11T12:25:05","date_gmt":"2016-01-11T10:25:05","guid":{"rendered":"http:\/\/blog.liesdoch.de\/?p=1047"},"modified":"2016-01-11T12:25:05","modified_gmt":"2016-01-11T10:25:05","slug":"das-riesenfest","status":"publish","type":"post","link":"https:\/\/blog.liesdoch.de\/?p=1047","title":{"rendered":"Das Riesenfest"},"content":{"rendered":"<p>&nbsp;<\/p>\n<p>&nbsp;<\/p>\n<p><a href=\"http:\/\/blog.liesdoch.de\/wp-content\/uploads\/2016\/01\/41881957z.jpg\"><img loading=\"lazy\" decoding=\"async\" class=\"alignnone size-medium wp-image-1048\" src=\"http:\/\/blog.liesdoch.de\/wp-content\/uploads\/2016\/01\/41881957z-206x300.jpg\" alt=\"41881957z\" width=\"206\" height=\"300\" srcset=\"https:\/\/blog.liesdoch.de\/wp-content\/uploads\/2016\/01\/41881957z-206x300.jpg 206w, https:\/\/blog.liesdoch.de\/wp-content\/uploads\/2016\/01\/41881957z.jpg 327w\" sizes=\"auto, (max-width: 206px) 100vw, 206px\" \/><\/a><\/p>\n<p>Max Bolliger, Das Riesenfest, Atlantis 2015, ISBN 978-3-7152-0691-2<\/p>\n<p>&nbsp;<\/p>\n<p>Im Jahr 1975 wurde dieses wunderbare M\u00e4rchen von Max Bolliger zum ersten Mal ver\u00f6ffentlicht. Seitdem ist es immer wieder von unterschiedlichen K\u00fcnstlern illustriert in vielen verschiedenen Auflagen erschienen und somit immer wieder neu interpretiert worden.<\/p>\n<p>Es erz\u00e4hlt die Geschichte eines kleinen Riesen beim Riesenfest, dem es mit seinem Witz und seiner Schlauheit gelingt, die Gro\u00dfen auszustechen und zu besiegen und so zum K\u00f6nig f\u00fcr ein ganzes Jahr zu werden.<\/p>\n<p>Die sch\u00f6ne Geschichte zeigt beispielhaft wie sich Kinder erleben neben den gro\u00dfen Erwachsenen, aber auch wie kleiner Geschwister die gr\u00f6\u00dferen erfahren. Seit Fazit f\u00fcr die Kleinen: auch wenn du klein bist, in dir steckt ein gro\u00dfes Versprechen.<\/p>\n<p>Die aus vielen anderen Bilderb\u00fcchern bekannte K\u00fcnstlerin Nele Palmtag hat diese Ausgabe des Atlantis Verlags liebevoll und mit viel hintersinnigem Witz illustriert.<\/p>\n","protected":false},"excerpt":{"rendered":"<p>&nbsp; &nbsp; Max Bolliger, Das Riesenfest, Atlantis 2015, ISBN 978-3-7152-0691-2 &nbsp; Im Jahr 1975 wurde dieses wunderbare M\u00e4rchen von Max Bolliger zum ersten Mal ver\u00f6ffentlicht. Seitdem ist es immer wieder von unterschiedlichen K\u00fcnstlern illustriert in vielen verschiedenen Auflagen erschienen und somit immer wieder neu interpretiert worden. Es erz\u00e4hlt die Geschichte eines kleinen Riesen beim Riesenfest, &hellip; <a href=\"https:\/\/blog.liesdoch.de\/?p=1047\" class=\"more-link\"><span class=\"screen-reader-text\">Das Riesenfest<\/span> weiterlesen <span class=\"meta-nav\">&rarr;<\/span><\/a><\/p>\n","protected":false},"author":6,"featured_media":0,"comment_status":"open","ping_status":"open","sticky":false,"template":"","format":"standard","meta":{"footnotes":""},"categories":[1],"tags":[33],"class_list":["post-1047","post","type-post","status-publish","format-standard","hentry","category-allgemein","tag-bilderbuch"],"_links":{"self":[{"href":"https:\/\/blog.liesdoch.de\/index.php?rest_route=\/wp\/v2\/posts\/1047","targetHints":{"allow":["GET"]}}],"collection":[{"href":"https:\/\/blog.liesdoch.de\/index.php?rest_route=\/wp\/v2\/posts"}],"about":[{"href":"https:\/\/blog.liesdoch.de\/index.php?rest_route=\/wp\/v2\/types\/post"}],"author":[{"embeddable":true,"href":"https:\/\/blog.liesdoch.de\/index.php?rest_route=\/wp\/v2\/users\/6"}],"replies":[{"embeddable":true,"href":"https:\/\/blog.liesdoch.de\/index.php?rest_route=%2Fwp%2Fv2%2Fcomments&post=1047"}],"version-history":[{"count":1,"href":"https:\/\/blog.liesdoch.de\/index.php?rest_route=\/wp\/v2\/posts\/1047\/revisions"}],"predecessor-version":[{"id":1049,"href":"https:\/\/blog.liesdoch.de\/index.php?rest_route=\/wp\/v2\/posts\/1047\/revisions\/1049"}],"wp:attachment":[{"href":"https:\/\/blog.liesdoch.de\/index.php?rest_route=%2Fwp%2Fv2%2Fmedia&parent=1047"}],"wp:term":[{"taxonomy":"category","embeddable":true,"href":"https:\/\/blog.liesdoch.de\/index.php?rest_route=%2Fwp%2Fv2%2Fcategories&post=1047"},{"taxonomy":"post_tag","embeddable":true,"href":"https:\/\/blog.liesdoch.de\/index.php?rest_route=%2Fwp%2Fv2%2Ftags&post=1047"}],"curies":[{"name":"wp","href":"https:\/\/api.w.org\/{rel}","templated":true}]}}