{"id":1083,"date":"2016-01-15T09:27:34","date_gmt":"2016-01-15T07:27:34","guid":{"rendered":"http:\/\/blog.liesdoch.de\/?p=1083"},"modified":"2016-01-15T09:27:34","modified_gmt":"2016-01-15T07:27:34","slug":"der-name-gottes-ist-barmherzigkeit","status":"publish","type":"post","link":"https:\/\/blog.liesdoch.de\/?p=1083","title":{"rendered":"Der Name Gottes ist Barmherzigkeit"},"content":{"rendered":"<p>&nbsp;<\/p>\n<p>&nbsp;<\/p>\n<p><a href=\"http:\/\/blog.liesdoch.de\/wp-content\/uploads\/2016\/01\/44085852z.jpg\"><img loading=\"lazy\" decoding=\"async\" class=\"alignnone size-medium wp-image-1084\" src=\"http:\/\/blog.liesdoch.de\/wp-content\/uploads\/2016\/01\/44085852z-190x300.jpg\" alt=\"44085852z\" width=\"190\" height=\"300\" srcset=\"https:\/\/blog.liesdoch.de\/wp-content\/uploads\/2016\/01\/44085852z-190x300.jpg 190w, https:\/\/blog.liesdoch.de\/wp-content\/uploads\/2016\/01\/44085852z.jpg 266w\" sizes=\"auto, (max-width: 190px) 100vw, 190px\" \/><\/a><\/p>\n<p>&nbsp;<\/p>\n<p>Papst Franziskus, Der Name Gottes ist Barmherzigkeit, K\u00f6sel 2016, ISBN 978-3-466-37173-0<\/p>\n<p>&nbsp;<\/p>\n<p>Viel ist \u00fcber ihn geschrieben worden, seit er \u00fcberraschend zum neuen Papst gew\u00e4hlt wurde, nachdem Benedikt XVI. als erster Papst der Geschichte aus Altersgr\u00fcnden zur\u00fcckgetreten war. Unz\u00e4hlige Gl\u00e4ubige, die sich seit langem innerlich von der Kirche und vom Glauben zur\u00fcckgezogen hatten (nicht nur katholische) begannen (wieder einmal!) neue Hoffnung zu sch\u00f6pfen, dass eine Erneuerung der Kirche und eine lebensorientierte Auslegung der Bibel und der Traditionen m\u00f6glich sei, als sie sahen und lasen, was der neue Papst Franziskus aus Argentinien da so alles tat und von sich gab.<\/p>\n<p>Mindestens genauso viel Widerstand wurde ihm entgegengebracht, nicht nur in der Kurie selbst, sondern \u00fcberall in den nationalen Kirchen und ihren konservativen Kreisen. In meinem Wohnort gibt es Katholiken, die hinter vorgehaltener Hand ernsthaft behaupten, mit Franziskus habe Gott der Kirche eine Pr\u00fcfung geschickt, und ihn mit dem Teufel in Verbindung bringen.<\/p>\n<p>Auf einem ganz anderen Niveau, dennoch aber vernichtend hat gerade der Kirchenkritiker Hubertus Mynarek in einer \u201ekritischen Biographie\u201c (Tectum-Verlag) den Stab \u00fcber Franziskus gebrochen und polemisch von einer jesuitischen \u201eUsurpation des Papstamtes\u201c gesprochen.<\/p>\n<p>Mit dem vorliegenden Buch, einem Interview, das Andrea Tornielli mit dem Papst gef\u00fchrt hat und das gleichzeitig in 82 L\u00e4ndern erscheint, haben nun einfache Menschen und Christen, die Gelegenheit, an zentralen Fragen des Glaubens und der Weltverantwortung der Kirche die Theologie von Franziskus kennenzulernen und zu w\u00fcrdigen, die er selbst mit dem Diktum \u00fcberschreibt: \u201eDer Name Gottes ist Barmherzigkeit\u201c.<\/p>\n<p>Der Satz, der mich am meisten ber\u00fchrt hat, spricht eine so ganz andere Sprache, als die bisherige katholische Tradition:<\/p>\n<p>\u201eDie Kirche ist nicht auf der Welt um zu verurteilen, sondern um den Weg zu bereiten f\u00fcr die urspr\u00fcngliche Liebe, die die Barmherzigkeit Gottes ist. Damit dies geschehen kann, m\u00fcssen wir hinausgehen auf die Stra\u00dfe. Hinaus aus den Kirchen und Pfarrh\u00e4usern, um den Menschen dort zu begegnen, wo sie leben, wo sie leiden, wo sie hoffen.\u201c<\/p>\n<p>Ja. Es ist zu hoffen, dass diesem Papst noch lange Zeit und Kraft geschenkt ist, dass diese neuen Ideen auch wurzeln k\u00f6nnen in einer spirituellen Landschaft nicht nur der katholischen Kirche, in der immer mehr Menschen nicht mehr wohnen wollten, weil sie sich dort nicht mehr heimisch f\u00fchlten mit ihren Fragen und Sorgen.<\/p>\n","protected":false},"excerpt":{"rendered":"<p>&nbsp; &nbsp; &nbsp; Papst Franziskus, Der Name Gottes ist Barmherzigkeit, K\u00f6sel 2016, ISBN 978-3-466-37173-0 &nbsp; Viel ist \u00fcber ihn geschrieben worden, seit er \u00fcberraschend zum neuen Papst gew\u00e4hlt wurde, nachdem Benedikt XVI. als erster Papst der Geschichte aus Altersgr\u00fcnden zur\u00fcckgetreten war. Unz\u00e4hlige Gl\u00e4ubige, die sich seit langem innerlich von der Kirche und vom Glauben zur\u00fcckgezogen &hellip; <a href=\"https:\/\/blog.liesdoch.de\/?p=1083\" class=\"more-link\"><span class=\"screen-reader-text\">Der Name Gottes ist Barmherzigkeit<\/span> weiterlesen <span class=\"meta-nav\">&rarr;<\/span><\/a><\/p>\n","protected":false},"author":6,"featured_media":0,"comment_status":"open","ping_status":"open","sticky":false,"template":"","format":"standard","meta":{"footnotes":""},"categories":[1],"tags":[334,141],"class_list":["post-1083","post","type-post","status-publish","format-standard","hentry","category-allgemein","tag-papst-franziskus","tag-theologie"],"_links":{"self":[{"href":"https:\/\/blog.liesdoch.de\/index.php?rest_route=\/wp\/v2\/posts\/1083","targetHints":{"allow":["GET"]}}],"collection":[{"href":"https:\/\/blog.liesdoch.de\/index.php?rest_route=\/wp\/v2\/posts"}],"about":[{"href":"https:\/\/blog.liesdoch.de\/index.php?rest_route=\/wp\/v2\/types\/post"}],"author":[{"embeddable":true,"href":"https:\/\/blog.liesdoch.de\/index.php?rest_route=\/wp\/v2\/users\/6"}],"replies":[{"embeddable":true,"href":"https:\/\/blog.liesdoch.de\/index.php?rest_route=%2Fwp%2Fv2%2Fcomments&post=1083"}],"version-history":[{"count":1,"href":"https:\/\/blog.liesdoch.de\/index.php?rest_route=\/wp\/v2\/posts\/1083\/revisions"}],"predecessor-version":[{"id":1085,"href":"https:\/\/blog.liesdoch.de\/index.php?rest_route=\/wp\/v2\/posts\/1083\/revisions\/1085"}],"wp:attachment":[{"href":"https:\/\/blog.liesdoch.de\/index.php?rest_route=%2Fwp%2Fv2%2Fmedia&parent=1083"}],"wp:term":[{"taxonomy":"category","embeddable":true,"href":"https:\/\/blog.liesdoch.de\/index.php?rest_route=%2Fwp%2Fv2%2Fcategories&post=1083"},{"taxonomy":"post_tag","embeddable":true,"href":"https:\/\/blog.liesdoch.de\/index.php?rest_route=%2Fwp%2Fv2%2Ftags&post=1083"}],"curies":[{"name":"wp","href":"https:\/\/api.w.org\/{rel}","templated":true}]}}