{"id":1086,"date":"2016-01-15T09:28:48","date_gmt":"2016-01-15T07:28:48","guid":{"rendered":"http:\/\/blog.liesdoch.de\/?p=1086"},"modified":"2016-01-15T09:28:48","modified_gmt":"2016-01-15T07:28:48","slug":"das-auschwitz-album","status":"publish","type":"post","link":"https:\/\/blog.liesdoch.de\/?p=1086","title":{"rendered":"Das Auschwitz-Album"},"content":{"rendered":"<p>&nbsp;<\/p>\n<p>&nbsp;<\/p>\n<p>&nbsp;<\/p>\n<p><a href=\"http:\/\/blog.liesdoch.de\/wp-content\/uploads\/2016\/01\/13506444z.jpg\"><img loading=\"lazy\" decoding=\"async\" class=\"alignnone size-medium wp-image-1087\" src=\"http:\/\/blog.liesdoch.de\/wp-content\/uploads\/2016\/01\/13506444z-232x300.jpg\" alt=\"13506444z\" width=\"232\" height=\"300\" srcset=\"https:\/\/blog.liesdoch.de\/wp-content\/uploads\/2016\/01\/13506444z-232x300.jpg 232w, https:\/\/blog.liesdoch.de\/wp-content\/uploads\/2016\/01\/13506444z.jpg 326w\" sizes=\"auto, (max-width: 232px) 100vw, 232px\" \/><\/a><\/p>\n<p>&nbsp;<\/p>\n<p>Israel Gutman, Das Auschwitz-Album, Wallstein 2015. ISBN 978-389244-911-9<\/p>\n<p>&nbsp;<\/p>\n<p>Das vorliegende Buch ist die zweite \u00fcberarbeitete Auflage eines von der israelischen Holocaust Gedenkst\u00e4tte Yad Vashem herausgegebenen Buches, das aus Anlass des 60. Jahrestages der Befreiung des Konzentrationslagers Auschwitz 2005 auch in Deutschland im Wallstein Verlag ver\u00f6ffentlicht wurde.<\/p>\n<p>Das Besondere an diesem Buch ist seine Perspektive. Die Bilder zeigen den Blick der T\u00e4ter auf ihre Opfer und stammen von einem SS-Mitglied, der, ob im Auftrag von oben oder aus eigenem Antrieb, bleibt im Dunklen der Geschichte, im Mai 1994 einen ganzen Tag lang ungarische Juden Fotografierte. Sie waren im Rahmen einer gro\u00dfen Deportation aus Ungarn zusammen mit einem Transport von 3500 Menschen nach Auschwitz gebracht worden.<\/p>\n<p>Sie stammten aus dem Dorf Bilek in den n\u00f6rdlichen Karpaten und der SS-Mann fotografiert sie von der Ankunft bis zur Selektion.<\/p>\n<p>Gefunden und bis in das Jahr 1980 aufbewahrt, wurden diese Fotos in einem Album von der damals 19-j\u00e4hrigen Lili Jacob, wo sie in einer Krankenstation in Auschwitz Dora, wohin sie verlegt worden war, kurz vor der Befreiung des Lagers durch die Amerikaner dieses Fotoalbum findet und sich selbst auf Bildern darauf erkennt. Sie nimmt es mit, und \u00fcbergibt es im Jahr 1980 der Gedenkst\u00e4tte Yad Vaschem. Dort wurden dann wissenschaftliche Nachforschungen betrieben, die dazu f\u00fchrten, dass viele auf den Fotos abgebildete Opfer identifiziert werden konnten und damit wenigstens ihren Namen zur\u00fcckerhielten.<\/p>\n<p>Die ersch\u00fctternden Fotos zeigen den unmenschlichen Alltag in Auschwitz und f\u00fchren dem Betrachter vor Augen, welche Verbrechen damals begangen wurden. Nur wenige Fotos aus Auschwitz waren seitdem bekannt.<\/p>\n<p>&nbsp;<\/p>\n<p>&nbsp;<\/p>\n<p>&nbsp;<\/p>\n","protected":false},"excerpt":{"rendered":"<p>&nbsp; &nbsp; &nbsp; &nbsp; Israel Gutman, Das Auschwitz-Album, Wallstein 2015. ISBN 978-389244-911-9 &nbsp; Das vorliegende Buch ist die zweite \u00fcberarbeitete Auflage eines von der israelischen Holocaust Gedenkst\u00e4tte Yad Vashem herausgegebenen Buches, das aus Anlass des 60. Jahrestages der Befreiung des Konzentrationslagers Auschwitz 2005 auch in Deutschland im Wallstein Verlag ver\u00f6ffentlicht wurde. Das Besondere an diesem &hellip; <a href=\"https:\/\/blog.liesdoch.de\/?p=1086\" class=\"more-link\"><span class=\"screen-reader-text\">Das Auschwitz-Album<\/span> weiterlesen <span class=\"meta-nav\">&rarr;<\/span><\/a><\/p>\n","protected":false},"author":6,"featured_media":0,"comment_status":"open","ping_status":"open","sticky":false,"template":"","format":"standard","meta":{"footnotes":""},"categories":[1],"tags":[335],"class_list":["post-1086","post","type-post","status-publish","format-standard","hentry","category-allgemein","tag-auschwitz"],"_links":{"self":[{"href":"https:\/\/blog.liesdoch.de\/index.php?rest_route=\/wp\/v2\/posts\/1086","targetHints":{"allow":["GET"]}}],"collection":[{"href":"https:\/\/blog.liesdoch.de\/index.php?rest_route=\/wp\/v2\/posts"}],"about":[{"href":"https:\/\/blog.liesdoch.de\/index.php?rest_route=\/wp\/v2\/types\/post"}],"author":[{"embeddable":true,"href":"https:\/\/blog.liesdoch.de\/index.php?rest_route=\/wp\/v2\/users\/6"}],"replies":[{"embeddable":true,"href":"https:\/\/blog.liesdoch.de\/index.php?rest_route=%2Fwp%2Fv2%2Fcomments&post=1086"}],"version-history":[{"count":1,"href":"https:\/\/blog.liesdoch.de\/index.php?rest_route=\/wp\/v2\/posts\/1086\/revisions"}],"predecessor-version":[{"id":1088,"href":"https:\/\/blog.liesdoch.de\/index.php?rest_route=\/wp\/v2\/posts\/1086\/revisions\/1088"}],"wp:attachment":[{"href":"https:\/\/blog.liesdoch.de\/index.php?rest_route=%2Fwp%2Fv2%2Fmedia&parent=1086"}],"wp:term":[{"taxonomy":"category","embeddable":true,"href":"https:\/\/blog.liesdoch.de\/index.php?rest_route=%2Fwp%2Fv2%2Fcategories&post=1086"},{"taxonomy":"post_tag","embeddable":true,"href":"https:\/\/blog.liesdoch.de\/index.php?rest_route=%2Fwp%2Fv2%2Ftags&post=1086"}],"curies":[{"name":"wp","href":"https:\/\/api.w.org\/{rel}","templated":true}]}}