{"id":1090,"date":"2016-01-18T11:44:16","date_gmt":"2016-01-18T09:44:16","guid":{"rendered":"http:\/\/blog.liesdoch.de\/?p=1090"},"modified":"2016-01-18T11:44:16","modified_gmt":"2016-01-18T09:44:16","slug":"das-buch-der-trauer","status":"publish","type":"post","link":"https:\/\/blog.liesdoch.de\/?p=1090","title":{"rendered":"Das Buch der Trauer"},"content":{"rendered":"<p>&nbsp;<\/p>\n<p>&nbsp;<\/p>\n<p><a href=\"http:\/\/blog.liesdoch.de\/wp-content\/uploads\/2016\/01\/42678231z.jpg\"><img loading=\"lazy\" decoding=\"async\" class=\"alignnone size-medium wp-image-1091\" src=\"http:\/\/blog.liesdoch.de\/wp-content\/uploads\/2016\/01\/42678231z-183x300.jpg\" alt=\"42678231z\" width=\"183\" height=\"300\" srcset=\"https:\/\/blog.liesdoch.de\/wp-content\/uploads\/2016\/01\/42678231z-183x300.jpg 183w, https:\/\/blog.liesdoch.de\/wp-content\/uploads\/2016\/01\/42678231z.jpg 291w\" sizes=\"auto, (max-width: 183px) 100vw, 183px\" \/><\/a><\/p>\n<p>&nbsp;<\/p>\n<p>Jorge Bucay, Das Buch \u00a0der Trauer, Fischer Taschenbuch Verlag 2015, ISBN \u00a0978-3-596-19795-8<\/p>\n<p>&nbsp;<\/p>\n<p>Unser ganzes Leben besteht, wenn man es genau nimmt, aus einem st\u00e4ndigen Prozess des Aufgebens \u00a0und \u00a0Loslassen. \u00a0Kleine und kurze Abschnitte, die oft pl\u00f6tzlich zu \u00a0Ende \u00a0gehen, Menschen, \u00a0die aus dem eigenen Leben wieder verschwinden und \u00a0dennoch ihre \u00a0Spuren hinterlassen, pr\u00e4gende und liebevolle Beziehungen, die an ihr oft schmerzhaftes Ende kommen.<\/p>\n<p>Und nicht zuletzt der Tod, der oft wie ein Dieb in der Nacht sich in unser Leben schleicht und uns das nimmt, \u00a0was uns das Liebste war.<\/p>\n<p>Mit \u00a0einer \u00a0Vielzahl von \u00a0Beispielen \u00a0aus seiner \u00a0langen \u00a0therapeutischen Praxis erz\u00e4hlt Jorge \u00a0Bucay sehr feinf\u00fchlig und kompetent von diesen unterschiedlichen Verlusten, \u00a0die uns treffen k\u00f6nnen, und versucht immer wieder sehr konkret einen Weg zu weisen, auf dem wir lernend gehen k\u00f6nnen. Lernend, dass alles, was wir verlieren, uns genauso ausmacht und pr\u00e4gt, wie das, was wir als Gl\u00fcck oder Erfolg erfahren haben. Es kommt darauf an, \u00a0sich bei diesen Verlusten dem Schmerz zu stellen, ihn anzunehmen und die Trauer nicht wegzudr\u00fccken.<\/p>\n<p>Diese Form der Trauerbew\u00e4ltigung ist nicht nur der beste, sondern auch der einzige Weg, nach einem schweren \u00a0Verlust \u00a0in das Leben und seinen vollen Beziehungsreichtum \u00a0zur\u00fcckzufinden.<\/p>\n<p>Angemessen \u00a0wahrgenommen \u00a0und ausreichend \u00a0betrauert und \u00a0verarbeitet sind Verluste etwas Notwendiges. Sie bereichern unser Leben am Ende und lassen uns wachsen.<\/p>\n<p>Ein Buch, das mir auch schon lange zur\u00fcckliegende Verluste in einem neuen Licht gezeigt hat.<\/p>\n<p>&nbsp;<\/p>\n","protected":false},"excerpt":{"rendered":"<p>&nbsp; &nbsp; &nbsp; Jorge Bucay, Das Buch \u00a0der Trauer, Fischer Taschenbuch Verlag 2015, ISBN \u00a0978-3-596-19795-8 &nbsp; Unser ganzes Leben besteht, wenn man es genau nimmt, aus einem st\u00e4ndigen Prozess des Aufgebens \u00a0und \u00a0Loslassen. \u00a0Kleine und kurze Abschnitte, die oft pl\u00f6tzlich zu \u00a0Ende \u00a0gehen, Menschen, \u00a0die aus dem eigenen Leben wieder verschwinden und \u00a0dennoch ihre \u00a0Spuren &hellip; <a href=\"https:\/\/blog.liesdoch.de\/?p=1090\" class=\"more-link\"><span class=\"screen-reader-text\">Das Buch der Trauer<\/span> weiterlesen <span class=\"meta-nav\">&rarr;<\/span><\/a><\/p>\n","protected":false},"author":6,"featured_media":0,"comment_status":"open","ping_status":"open","sticky":false,"template":"","format":"standard","meta":{"footnotes":""},"categories":[1],"tags":[307,302],"class_list":["post-1090","post","type-post","status-publish","format-standard","hentry","category-allgemein","tag-trauer","tag-verlust"],"_links":{"self":[{"href":"https:\/\/blog.liesdoch.de\/index.php?rest_route=\/wp\/v2\/posts\/1090","targetHints":{"allow":["GET"]}}],"collection":[{"href":"https:\/\/blog.liesdoch.de\/index.php?rest_route=\/wp\/v2\/posts"}],"about":[{"href":"https:\/\/blog.liesdoch.de\/index.php?rest_route=\/wp\/v2\/types\/post"}],"author":[{"embeddable":true,"href":"https:\/\/blog.liesdoch.de\/index.php?rest_route=\/wp\/v2\/users\/6"}],"replies":[{"embeddable":true,"href":"https:\/\/blog.liesdoch.de\/index.php?rest_route=%2Fwp%2Fv2%2Fcomments&post=1090"}],"version-history":[{"count":1,"href":"https:\/\/blog.liesdoch.de\/index.php?rest_route=\/wp\/v2\/posts\/1090\/revisions"}],"predecessor-version":[{"id":1092,"href":"https:\/\/blog.liesdoch.de\/index.php?rest_route=\/wp\/v2\/posts\/1090\/revisions\/1092"}],"wp:attachment":[{"href":"https:\/\/blog.liesdoch.de\/index.php?rest_route=%2Fwp%2Fv2%2Fmedia&parent=1090"}],"wp:term":[{"taxonomy":"category","embeddable":true,"href":"https:\/\/blog.liesdoch.de\/index.php?rest_route=%2Fwp%2Fv2%2Fcategories&post=1090"},{"taxonomy":"post_tag","embeddable":true,"href":"https:\/\/blog.liesdoch.de\/index.php?rest_route=%2Fwp%2Fv2%2Ftags&post=1090"}],"curies":[{"name":"wp","href":"https:\/\/api.w.org\/{rel}","templated":true}]}}