{"id":1093,"date":"2016-01-18T11:45:31","date_gmt":"2016-01-18T09:45:31","guid":{"rendered":"http:\/\/blog.liesdoch.de\/?p=1093"},"modified":"2016-01-18T11:45:31","modified_gmt":"2016-01-18T09:45:31","slug":"der-glasmurmelsammler","status":"publish","type":"post","link":"https:\/\/blog.liesdoch.de\/?p=1093","title":{"rendered":"Der Glasmurmelsammler"},"content":{"rendered":"<p>&nbsp;<\/p>\n<p>&nbsp;<\/p>\n<p>&nbsp;<\/p>\n<p>&nbsp;<\/p>\n<p><a href=\"http:\/\/blog.liesdoch.de\/wp-content\/uploads\/2016\/01\/43849293z.jpg\"><img loading=\"lazy\" decoding=\"async\" class=\"alignnone size-medium wp-image-1094\" src=\"http:\/\/blog.liesdoch.de\/wp-content\/uploads\/2016\/01\/43849293z-197x300.jpg\" alt=\"43849293z\" width=\"197\" height=\"300\" srcset=\"https:\/\/blog.liesdoch.de\/wp-content\/uploads\/2016\/01\/43849293z-197x300.jpg 197w, https:\/\/blog.liesdoch.de\/wp-content\/uploads\/2016\/01\/43849293z.jpg 312w\" sizes=\"auto, (max-width: 197px) 100vw, 197px\" \/><\/a><\/p>\n<p>&nbsp;<\/p>\n<p>Cecelia Ahern, Der Glasmurmelsammler, Kr\u00fcger 2015, ISBN 978-3-8105-0152-3<\/p>\n<p>&nbsp;<\/p>\n<p>In ihrem neuen, wunderbar komponierten Roman \u00a0erz\u00e4hlt die \u00a0irische \u00a0Bestsellerautorin Cecelia Ahern die spannende und ber\u00fchrende \u00a0Geschichte \u00a0eines Vaters und seiner Tochter. Ein Vater, der sein ganzes Leben lang \u00a0ein Doppelleben \u00a0f\u00fchrte und eine Tochter, die im Laufe eines einzigen Tages diesem geheimen und ihr bisher \u00a0unbekannten \u00a0Teil des Lebens ihres geliebten \u00a0Vaters \u00a0auf die Spur kommt.<\/p>\n<p>Von seiner \u00a0sp\u00e4teren \u00a0eigenen \u00a0Familie \u00a0geheim gehalten, \u00a0hat sich der \u00a0mit sechs Br\u00fcdern in \u00a0 schwierigen Verh\u00e4ltnissen aufgewachsene \u00a0Fergus \u00a0nicht nur eine \u00a0beispiellose \u00a0Sammlung \u00a0von Glasmurmeln aufgebaut, sondern \u00a0auch all die Jahre \u00a0mit der Familie \u00a0unbekannten Freunden gespielt und ist mit seinem Team \u00a0einmal sogar \u00a0Weltmeister \u00a0geworden.<\/p>\n<p>Nachdem \u00a0Fergus \u00a0einen Schlaganfall \u00a0erlitten hat und in einem Pflegeheim lebt, verl\u00e4sst ihn seine Erinnerung und er wei\u00df nichts mehr von seiner Sammlung und seinem bisherigen \u00a0Leben. Als eine Sendung mit mehreren Kisten \u00a0zu Fergus \u00a0ins Heim \u00a0kommt, wird seine Tochter Sabrina von einer Sekunde \u00a0auf die andere \u00a0mit seiner ihr bisher unbekannten Vergangenheit \u00a0konfrontiert.<\/p>\n<p>Sie nimmt diese Aufgabe \u00a0tapfer an, auch deshalb, weil in der ins Heim geschickten Glasmurmelsammlung einige wertvolle St\u00fccke fehlen, wie sie aus der vom Vater \u00a0geschriebenen und den Kisten beigef\u00fcgten \u00a0\u00dcbersicht \u00a0entnimmt. Sie macht sich sofort auf die Suche nach diesen Murmeln und sp\u00fcrt mit jedem Schritt in die unbekannte \u00a0Vergangenheit ihres Vaters, wie diese Spurensuche ihr ganzes bisheriges Leben in Frage \u00a0zu stellen \u00a0beginnt.<\/p>\n<p>Vielleicht ahnt ihr Unbewusstes auch, dass diese Suche nach der Wahrheit ihr eigenes Leben bereichern wird. In wechselnden Kapiteln verfolgt Cecelia Ahern zum einen die atemlose und spannende \u00a0Spurensuche Sabrinas, und l\u00e4sst zum anderen Fergus seine Geschichte erz\u00e4hlen und wie ihn sein Doppelleben \u00fcber Jahrzehnte \u00a0auseinander gerissen \u00a0hat.<\/p>\n<p>Wie sie diese beiden Erz\u00e4hlstr\u00e4nge sich erg\u00e4nzen und aufeinander \u00a0zu streben \u00a0l\u00e4sst, ist meisterhaft komponiert. Der Leser f\u00fchlt sich mit hinein \u00a0genommen in eine leidenschaftliche Suche nach der Wahrheit, die ihn das Buch \u00fcber weite Strecken nicht mehr aus der Hand legen l\u00e4sst. Die Suche nach der Wahrheit eines bewegten Lebens, das schlussendlich an sein Ziel kommen darf: eine vers\u00f6hnte Liebe einer Tochter zu ihrem Vater.<\/p>\n<p>Ein spannender, unterhaltsamer Pageturner, der erz\u00e4hlt von einer seltenen Leidenschaft und einem jahrzehntelangen \u00a0Doppelleben.<\/p>\n<p>&nbsp;<\/p>\n<p>&nbsp;<\/p>\n<p>&nbsp;<\/p>\n","protected":false},"excerpt":{"rendered":"<p>&nbsp; &nbsp; &nbsp; &nbsp; &nbsp; Cecelia Ahern, Der Glasmurmelsammler, Kr\u00fcger 2015, ISBN 978-3-8105-0152-3 &nbsp; In ihrem neuen, wunderbar komponierten Roman \u00a0erz\u00e4hlt die \u00a0irische \u00a0Bestsellerautorin Cecelia Ahern die spannende und ber\u00fchrende \u00a0Geschichte \u00a0eines Vaters und seiner Tochter. Ein Vater, der sein ganzes Leben lang \u00a0ein Doppelleben \u00a0f\u00fchrte und eine Tochter, die im Laufe eines einzigen Tages &hellip; <a href=\"https:\/\/blog.liesdoch.de\/?p=1093\" class=\"more-link\"><span class=\"screen-reader-text\">Der Glasmurmelsammler<\/span> weiterlesen <span class=\"meta-nav\">&rarr;<\/span><\/a><\/p>\n","protected":false},"author":6,"featured_media":0,"comment_status":"open","ping_status":"open","sticky":false,"template":"","format":"standard","meta":{"footnotes":""},"categories":[1],"tags":[336],"class_list":["post-1093","post","type-post","status-publish","format-standard","hentry","category-allgemein","tag-cecelia-ahern"],"_links":{"self":[{"href":"https:\/\/blog.liesdoch.de\/index.php?rest_route=\/wp\/v2\/posts\/1093","targetHints":{"allow":["GET"]}}],"collection":[{"href":"https:\/\/blog.liesdoch.de\/index.php?rest_route=\/wp\/v2\/posts"}],"about":[{"href":"https:\/\/blog.liesdoch.de\/index.php?rest_route=\/wp\/v2\/types\/post"}],"author":[{"embeddable":true,"href":"https:\/\/blog.liesdoch.de\/index.php?rest_route=\/wp\/v2\/users\/6"}],"replies":[{"embeddable":true,"href":"https:\/\/blog.liesdoch.de\/index.php?rest_route=%2Fwp%2Fv2%2Fcomments&post=1093"}],"version-history":[{"count":1,"href":"https:\/\/blog.liesdoch.de\/index.php?rest_route=\/wp\/v2\/posts\/1093\/revisions"}],"predecessor-version":[{"id":1095,"href":"https:\/\/blog.liesdoch.de\/index.php?rest_route=\/wp\/v2\/posts\/1093\/revisions\/1095"}],"wp:attachment":[{"href":"https:\/\/blog.liesdoch.de\/index.php?rest_route=%2Fwp%2Fv2%2Fmedia&parent=1093"}],"wp:term":[{"taxonomy":"category","embeddable":true,"href":"https:\/\/blog.liesdoch.de\/index.php?rest_route=%2Fwp%2Fv2%2Fcategories&post=1093"},{"taxonomy":"post_tag","embeddable":true,"href":"https:\/\/blog.liesdoch.de\/index.php?rest_route=%2Fwp%2Fv2%2Ftags&post=1093"}],"curies":[{"name":"wp","href":"https:\/\/api.w.org\/{rel}","templated":true}]}}