{"id":1107,"date":"2016-01-26T10:13:44","date_gmt":"2016-01-26T08:13:44","guid":{"rendered":"http:\/\/blog.liesdoch.de\/?p=1107"},"modified":"2016-01-26T10:13:44","modified_gmt":"2016-01-26T08:13:44","slug":"gott-laesst-gruessen","status":"publish","type":"post","link":"https:\/\/blog.liesdoch.de\/?p=1107","title":{"rendered":"Gott l\u00e4sst gr\u00fc\u00dfen"},"content":{"rendered":"<p>&nbsp;<\/p>\n<p>&nbsp;<\/p>\n<p><a href=\"http:\/\/blog.liesdoch.de\/wp-content\/uploads\/2016\/01\/44148790z.jpg\"><img loading=\"lazy\" decoding=\"async\" class=\"alignnone size-medium wp-image-1108\" src=\"http:\/\/blog.liesdoch.de\/wp-content\/uploads\/2016\/01\/44148790z-189x300.jpg\" alt=\"44148790z\" width=\"189\" height=\"300\" srcset=\"https:\/\/blog.liesdoch.de\/wp-content\/uploads\/2016\/01\/44148790z-189x300.jpg 189w, https:\/\/blog.liesdoch.de\/wp-content\/uploads\/2016\/01\/44148790z.jpg 300w\" sizes=\"auto, (max-width: 189px) 100vw, 189px\" \/><\/a><\/p>\n<p>&nbsp;<\/p>\n<p>Andrea Schwarz, \u00a0Gott l\u00e4sst gr\u00fc\u00dfen, \u00a0Patmos 2016, ISBN 978-3-8436-0709-4<\/p>\n<p>&nbsp;<\/p>\n<p>Sie ist eine genaue und sensible Beobachterin ihrer Umwelt und der Menschen, denen sie dort begegnet und der Geschichten, die sie oft \u00a0unfreiwillig \u00a0erz\u00e4hlen. Andrea Schwarz z\u00e4hlt seit vielen Jahren \u00a0schon \u00a0zu den am meisten gelesenen christlichen \u00a0Schriftstellerinnen.<\/p>\n<p>Wenn man ihr \u00a0neues Buch \u00a0mit Meditationen \u00a0und &#8222;Entdeckungen&#8220; sorgf\u00e4ltig liest, \u00a0dann bekommt man auch eine Ahnung, warum das so ist. In kleinen Dingen des \u00a0Alltags \u00a0entdeckt \u00a0sie \u00a0immer wieder \u00a0wichtige Botschaften \u00a0Gottes an sie. Botschaften, die ihr etwas vermitteln, etwas \u00a0zeigen wollen \u00a0von \u00a0der Sch\u00f6nheit des Lebens, von ihrem gottebenbildlichen Menschsein, von ihrer M\u00f6glichkeit, jeden Tag neu anzufangen mit sich selbst, \u00a0mit anderen Menschen \u00a0und mit Gott. Gott, den sie leise verk\u00fcndet als einen Freund und v\u00e4terlichen \u00a0Begleiter, \u00a0der seine kleinen, oft unscheinbaren Gr\u00fc\u00dfe mitten in unseren Alltag \u00a0schickt. Diese Gr\u00fc\u00dfe lassen \u00a0kurz \u00a0innehalten, nachdenken \u00a0und er\u00f6ffnen neue Sichtweisen auf \u00a0das eigene Leben. Sie \u00a0ermutigen zu Selbsterkenntnis \u00a0und zu eigenen Schritten.<\/p>\n<p>Unaufgeregte \u00a0Schritte hin zu mehr Freiheit. Freiheit immer verstanden als eine, die aus der Bindung und \u00a0Verwurzelung in Gottes Segen und Verhei\u00dfung sich speist.<\/p>\n<p>Dieser spirituelle Begleiter durch jede Woche des Jahres setzt sich mit vielen wichtigen existenziellen \u00a0und spirituellen Themen auseinander und ist ein sch\u00f6nes Geschenk f\u00fcr Menschen, die sich in ihrer Tiefe \u00a0ansprechen lassen wollen.<\/p>\n<p>&nbsp;<\/p>\n<p>&nbsp;<\/p>\n<p>&nbsp;<\/p>\n<p>&nbsp;<\/p>\n<p>&nbsp;<\/p>\n","protected":false},"excerpt":{"rendered":"<p>&nbsp; &nbsp; &nbsp; Andrea Schwarz, \u00a0Gott l\u00e4sst gr\u00fc\u00dfen, \u00a0Patmos 2016, ISBN 978-3-8436-0709-4 &nbsp; Sie ist eine genaue und sensible Beobachterin ihrer Umwelt und der Menschen, denen sie dort begegnet und der Geschichten, die sie oft \u00a0unfreiwillig \u00a0erz\u00e4hlen. Andrea Schwarz z\u00e4hlt seit vielen Jahren \u00a0schon \u00a0zu den am meisten gelesenen christlichen \u00a0Schriftstellerinnen. Wenn man ihr \u00a0neues &hellip; <a href=\"https:\/\/blog.liesdoch.de\/?p=1107\" class=\"more-link\"><span class=\"screen-reader-text\">Gott l\u00e4sst gr\u00fc\u00dfen<\/span> weiterlesen <span class=\"meta-nav\">&rarr;<\/span><\/a><\/p>\n","protected":false},"author":6,"featured_media":0,"comment_status":"open","ping_status":"open","sticky":false,"template":"","format":"standard","meta":{"footnotes":""},"categories":[1],"tags":[339],"class_list":["post-1107","post","type-post","status-publish","format-standard","hentry","category-allgemein","tag-spiritualitaet"],"_links":{"self":[{"href":"https:\/\/blog.liesdoch.de\/index.php?rest_route=\/wp\/v2\/posts\/1107","targetHints":{"allow":["GET"]}}],"collection":[{"href":"https:\/\/blog.liesdoch.de\/index.php?rest_route=\/wp\/v2\/posts"}],"about":[{"href":"https:\/\/blog.liesdoch.de\/index.php?rest_route=\/wp\/v2\/types\/post"}],"author":[{"embeddable":true,"href":"https:\/\/blog.liesdoch.de\/index.php?rest_route=\/wp\/v2\/users\/6"}],"replies":[{"embeddable":true,"href":"https:\/\/blog.liesdoch.de\/index.php?rest_route=%2Fwp%2Fv2%2Fcomments&post=1107"}],"version-history":[{"count":1,"href":"https:\/\/blog.liesdoch.de\/index.php?rest_route=\/wp\/v2\/posts\/1107\/revisions"}],"predecessor-version":[{"id":1109,"href":"https:\/\/blog.liesdoch.de\/index.php?rest_route=\/wp\/v2\/posts\/1107\/revisions\/1109"}],"wp:attachment":[{"href":"https:\/\/blog.liesdoch.de\/index.php?rest_route=%2Fwp%2Fv2%2Fmedia&parent=1107"}],"wp:term":[{"taxonomy":"category","embeddable":true,"href":"https:\/\/blog.liesdoch.de\/index.php?rest_route=%2Fwp%2Fv2%2Fcategories&post=1107"},{"taxonomy":"post_tag","embeddable":true,"href":"https:\/\/blog.liesdoch.de\/index.php?rest_route=%2Fwp%2Fv2%2Ftags&post=1107"}],"curies":[{"name":"wp","href":"https:\/\/api.w.org\/{rel}","templated":true}]}}