{"id":1145,"date":"2016-01-28T08:52:15","date_gmt":"2016-01-28T06:52:15","guid":{"rendered":"http:\/\/blog.liesdoch.de\/?p=1145"},"modified":"2016-01-28T08:52:15","modified_gmt":"2016-01-28T06:52:15","slug":"finanzcoach-fuer-den-ruhestand","status":"publish","type":"post","link":"https:\/\/blog.liesdoch.de\/?p=1145","title":{"rendered":"Finanzcoach f\u00fcr den Ruhestand"},"content":{"rendered":"<p>&nbsp;<\/p>\n<p>&nbsp;<\/p>\n<p>&nbsp;<\/p>\n<p>&nbsp;<\/p>\n<p><a href=\"http:\/\/blog.liesdoch.de\/wp-content\/uploads\/2016\/01\/41644518z.jpg\"><img loading=\"lazy\" decoding=\"async\" class=\"alignnone size-medium wp-image-1146\" src=\"http:\/\/blog.liesdoch.de\/wp-content\/uploads\/2016\/01\/41644518z-209x300.jpg\" alt=\"41644518z\" width=\"209\" height=\"300\" srcset=\"https:\/\/blog.liesdoch.de\/wp-content\/uploads\/2016\/01\/41644518z-209x300.jpg 209w, https:\/\/blog.liesdoch.de\/wp-content\/uploads\/2016\/01\/41644518z.jpg 332w\" sizes=\"auto, (max-width: 209px) 100vw, 209px\" \/><\/a><\/p>\n<p>&nbsp;<\/p>\n<p>Tom Fries, \u00a0Michael Huber, \u00a0Finanzcoach \u00a0f\u00fcr den \u00a0Ruhestand, Finanzbuchverlag \u00a02015, ISBN \u00a0978-3-89879-893-8<\/p>\n<p>&nbsp;<\/p>\n<p>Dieser hier nun schon in einer f\u00fcnften aktualisierten \u00a0und \u00fcberarbeiteten Auflage im Finanzbuchverlag \u00a0erscheinende &#8222;Finanzcoach f\u00fcr den Ruhestand&#8220; aus der Beratungspraxis des bekannten und \u00a0erfolgreichen Schweizer VZ Verm\u00f6genszentrums ist einer der erfolgreichsten Ratgeber \u00a0f\u00fcr Menschen, \u00a0die ihre finanzielle \u00a0Absicherung planen wollen, ohne sich bei riskanten Finanzgesch\u00e4ften Banken und anderen \u00a0Finanzinstituten ausliefern zu m\u00fcssen.<\/p>\n<p>In insgesamt zehn Kapiteln werden \u00a0(angehende) Ruhest\u00e4ndler \u00a0unterst\u00fctzt, \u00a0die finanzielle Seite des dritten \u00a0Lebensabschnittes umfassend zu planen, \u00a0vorzubereiten und fundiert umzusetzen. Alle wichtigen Fragestellungen \u00a0von der eigenen Finanzplanung \u00fcber die \u00a0passende Verm\u00f6gensorganisation bis hin zu Steuern, \u00a0Gesundheits- und Pflegekosten \u00a0und der Regelung \u00a0des Nachlasses werden angesprochen.<\/p>\n<p>Nat\u00fcrlich ersetzt die sorgf\u00e4ltige Lekt\u00fcre des Buches nicht eine professionelle Beratung, \u00a0kann aber sehr gut auf sie vorbereiten.<\/p>\n<p>&nbsp;<\/p>\n","protected":false},"excerpt":{"rendered":"<p>&nbsp; &nbsp; &nbsp; &nbsp; &nbsp; Tom Fries, \u00a0Michael Huber, \u00a0Finanzcoach \u00a0f\u00fcr den \u00a0Ruhestand, Finanzbuchverlag \u00a02015, ISBN \u00a0978-3-89879-893-8 &nbsp; Dieser hier nun schon in einer f\u00fcnften aktualisierten \u00a0und \u00fcberarbeiteten Auflage im Finanzbuchverlag \u00a0erscheinende &#8222;Finanzcoach f\u00fcr den Ruhestand&#8220; aus der Beratungspraxis des bekannten und \u00a0erfolgreichen Schweizer VZ Verm\u00f6genszentrums ist einer der erfolgreichsten Ratgeber \u00a0f\u00fcr Menschen, \u00a0die ihre &hellip; <a href=\"https:\/\/blog.liesdoch.de\/?p=1145\" class=\"more-link\"><span class=\"screen-reader-text\">Finanzcoach f\u00fcr den Ruhestand<\/span> weiterlesen <span class=\"meta-nav\">&rarr;<\/span><\/a><\/p>\n","protected":false},"author":6,"featured_media":0,"comment_status":"open","ping_status":"open","sticky":false,"template":"","format":"standard","meta":{"footnotes":""},"categories":[1],"tags":[343],"class_list":["post-1145","post","type-post","status-publish","format-standard","hentry","category-allgemein","tag-ratgeber-finanzen"],"_links":{"self":[{"href":"https:\/\/blog.liesdoch.de\/index.php?rest_route=\/wp\/v2\/posts\/1145","targetHints":{"allow":["GET"]}}],"collection":[{"href":"https:\/\/blog.liesdoch.de\/index.php?rest_route=\/wp\/v2\/posts"}],"about":[{"href":"https:\/\/blog.liesdoch.de\/index.php?rest_route=\/wp\/v2\/types\/post"}],"author":[{"embeddable":true,"href":"https:\/\/blog.liesdoch.de\/index.php?rest_route=\/wp\/v2\/users\/6"}],"replies":[{"embeddable":true,"href":"https:\/\/blog.liesdoch.de\/index.php?rest_route=%2Fwp%2Fv2%2Fcomments&post=1145"}],"version-history":[{"count":1,"href":"https:\/\/blog.liesdoch.de\/index.php?rest_route=\/wp\/v2\/posts\/1145\/revisions"}],"predecessor-version":[{"id":1147,"href":"https:\/\/blog.liesdoch.de\/index.php?rest_route=\/wp\/v2\/posts\/1145\/revisions\/1147"}],"wp:attachment":[{"href":"https:\/\/blog.liesdoch.de\/index.php?rest_route=%2Fwp%2Fv2%2Fmedia&parent=1145"}],"wp:term":[{"taxonomy":"category","embeddable":true,"href":"https:\/\/blog.liesdoch.de\/index.php?rest_route=%2Fwp%2Fv2%2Fcategories&post=1145"},{"taxonomy":"post_tag","embeddable":true,"href":"https:\/\/blog.liesdoch.de\/index.php?rest_route=%2Fwp%2Fv2%2Ftags&post=1145"}],"curies":[{"name":"wp","href":"https:\/\/api.w.org\/{rel}","templated":true}]}}