{"id":1149,"date":"2016-01-28T17:18:57","date_gmt":"2016-01-28T15:18:57","guid":{"rendered":"http:\/\/blog.liesdoch.de\/?p=1149"},"modified":"2016-01-28T17:18:57","modified_gmt":"2016-01-28T15:18:57","slug":"die-geschichte-des-regens","status":"publish","type":"post","link":"https:\/\/blog.liesdoch.de\/?p=1149","title":{"rendered":"Die Geschichte des Regens"},"content":{"rendered":"<p>&nbsp;<\/p>\n<p><a href=\"http:\/\/blog.liesdoch.de\/wp-content\/uploads\/2016\/01\/42685921z.jpg\"><img loading=\"lazy\" decoding=\"async\" class=\"alignnone size-medium wp-image-1150\" src=\"http:\/\/blog.liesdoch.de\/wp-content\/uploads\/2016\/01\/42685921z-188x300.jpg\" alt=\"42685921z\" width=\"188\" height=\"300\" srcset=\"https:\/\/blog.liesdoch.de\/wp-content\/uploads\/2016\/01\/42685921z-188x300.jpg 188w, https:\/\/blog.liesdoch.de\/wp-content\/uploads\/2016\/01\/42685921z.jpg 299w\" sizes=\"auto, (max-width: 188px) 100vw, 188px\" \/><\/a><\/p>\n<p>&nbsp;<\/p>\n<p>Niall \u00a0Williams, \u00a0Die \u00a0Geschichte des Regens, \u00a0DVA 2015, ISBN \u00a0978-3-421-04687-1<\/p>\n<p>&nbsp;<\/p>\n<p>Dieser den Leser in seiner dichten Poesie und Sch\u00f6nheit \u00a0geradezu \u00a0bet\u00f6rende neue Roman des irischen \u00a0Schriftstellers \u00a0Niall \u00a0Williams stand im Jahr seines Erscheinens in London 2014 auf der Longlist \u00a0des Man Booker \u00a0Prize. \u00a0Unter dem auch im Original \u00a0so lautenden \u00a0Titel &#8222;Die \u00a0Geschichte des Regens&#8220; l\u00e4sst er die schwer kranke 19- j\u00e4hrige Ruth Swain \u00a0nicht nur die Geschichte \u00a0ihrer Familie \u00fcber \u00a0mehrere \u00a0Generationen \u00a0hinweg erz\u00e4hlen, sondern er entfaltet vor dem Leser eine faszinierende Kulturgeschichte Irlands, \u00a0in dem der Regen eine zentrale \u00a0Bedeutung hat und der Lachs eine geradezu \u00a0mythische \u00a0Rolle spielt. Ruth schreibt mit ihrem \u00a0eigenen Stil \u00a0und einer Rechtschreibung, \u00a0in der sie alle ihr \u00a0wichtig scheinenden Worte gro\u00df \u00a0schreibt :<\/p>\n<p>&#8222;Wir sind ein Volk \u00a0des Anderswo. Deswegen \u00a0bringen wir die besten \u00a0Heiligen, \u00a0die besten \u00a0Dichter, die besten \u00a0Musiker \u00a0und die schlechtesten \u00a0Banker \u00a0der Welt hervor. Und \u00a0deswegen findet man auch \u00a0\u00fcberall ein paar von uns \u00a0&#8211; und dabei \u00a0kann es sich auch um einen sanften, warmen, wundersch\u00f6nen Ort \u00a0handeln, \u00a0an dem wirklich \u00a0niemand \u00a0auch nur \u00a0irgendetwas \u00a0aussetzen kann, es ist doch immer etwas da, \u00a0was Jimmy \u00a0der Ami So Eine \u00a0Sehnsucht nennt. Man sieht es in den Augen. \u00a0Die Vorstellung der besseren \u00a0Heimat. \u00a0Bei manchen ist es schlimmer als bei anderen. Mein Vater war ganz davon durchstr\u00f6mt. &#8220;<\/p>\n<p>Dieser Vater hat Ruth nicht nur eine fast 4000 B\u00e4nde umfassende \u00a0und durchnummerierte Bibliothek hinterlassen, durch die sie sich all die \u00a0Jahre \u00a0ihrer Bettl\u00e4gerigkeit hindurchliest, \u00a0sondern auch eine unb\u00e4ndige und leidenschaftliche Liebe \u00a0zur Literatur \u00a0und ihren immer wiederkehrenden Themen. Die literarischen \u00a0Figuren, die sie in diesen B\u00fcchern findet, inspirieren Ruth zur eigenst\u00e4ndigen und kritischen Auseinandersetzung mit der Geschichte \u00a0ihrer Familie, \u00a0vor allen Dingen mit dem Zweig des Vaters, der eines Tages am Shannon aufgetaucht war, dessen gem\u00e4chlicher Lauf direkt am Elternhaus von Ruth vorbeif\u00fchrt, und dessen stetiges Flie\u00dfen wie ein Sinnbild ist f\u00fcr den gesamten Stil und die wunderbare Sprache \u00a0des Buches.<\/p>\n<p>Da geht es um den Urgro\u00dfvater \u00a0und den Gro\u00dfvater, \u00a0recht skurrile M\u00e4nner, wie man sie in dieser Form nur in Irland hat finden k\u00f6nnen. \u00a0Und nat\u00fcrlich um Virgil, \u00a0ihren geliebten Vater, der als Bauer scheitert, aber ein passionierter \u00a0Poet ist, \u00a0der sogar seinen \u00a0K\u00fchen Werke von William Blake vorliest. Nat\u00fcrlich kann man damit keine Reicht\u00fcmer \u00a0erwirtschaften, \u00a0aber Virgil wird deshalb von seiner Frau und seinen beiden Kindern Ruth und Aeney \u00a0nicht weniger geliebt. Sie beschreibt das so:<\/p>\n<p>&#8222;Ich bin ja keine Expertin, \u00a0doch wenn ein Mann \u00a0in einer Frau Den \u00a0Sinn findet, scheint mir zweierlei doch ganz sicher zu sein. \u00a0Zum einen, dass die Sache Tief Geht, \u00a0und zum anderen, dass es sich dabei um die riskanteste \u00a0Form von Liebe handelt, \u00a0die \u00a0es \u00fcberhaupt geben kann.&#8220;<\/p>\n<p>Nachdem ihr Vater fr\u00fch gestorben ist und auch ihr Zwillingsbruder \u00a0Aeney \u00a0nicht mehr lebt, h\u00e4lt sie sich an den B\u00fcchern ihres Vaters fest und erz\u00e4hlt Geschichten. Immer \u00a0wieder, trotz aller Ersch\u00fctterungen und Krisen: &#8222;Wir erz\u00e4hlen \u00a0um den Schmerz des Lebens zu lindern, \u00a0um am Leben zu bleiben.&#8220;<\/p>\n<p>Und das tut sie, berichtet vom Alltag und dem vom permanenten \u00a0Regen \u00a0durchtr\u00e4nkten Leben an der M\u00fcndung des Shannon, \u00a0immer wieder gespickt mit klugen und hintersinnigen Bemerkungen zur anglo -irischen \u00a0Literaturgeschichte. Ihr Erz\u00e4hlen steckt voller \u00a0Witz und Ironie, \u00a0man sp\u00fcrt die unb\u00e4ndige Lust an Wortspielen, die Freude an Bildern und Metaphern.<\/p>\n<p>Und mit dieser an den gro\u00dfen literarischen Vorbildern Dickens, \u00a0Dickinson und Yeats geschulten Sprache erz\u00e4hlt Niall Williams durch seine Hauptfigur eine stellenweise tragische, oft aber auch am\u00fcsante \u00a0Geschichte einer Familie aus Irland, voller Anekdoten, interessanten literarischen Beobachtungen und voller teilweise sehr ber\u00fchrender Gedanken \u00a0\u00fcber Leben und Tod, und wie Literatur es dem Menschen erm\u00f6glicht, in diesem Labyrinth einen Sinn zu finden.<\/p>\n<p>Ein Roman wie der Fluss, in dessen N\u00e4he er entstanden ist.<\/p>\n<p>&nbsp;<\/p>\n<p>&nbsp;<\/p>\n<p>&nbsp;<\/p>\n","protected":false},"excerpt":{"rendered":"<p>&nbsp; &nbsp; Niall \u00a0Williams, \u00a0Die \u00a0Geschichte des Regens, \u00a0DVA 2015, ISBN \u00a0978-3-421-04687-1 &nbsp; Dieser den Leser in seiner dichten Poesie und Sch\u00f6nheit \u00a0geradezu \u00a0bet\u00f6rende neue Roman des irischen \u00a0Schriftstellers \u00a0Niall \u00a0Williams stand im Jahr seines Erscheinens in London 2014 auf der Longlist \u00a0des Man Booker \u00a0Prize. \u00a0Unter dem auch im Original \u00a0so lautenden \u00a0Titel &#8222;Die &hellip; <a href=\"https:\/\/blog.liesdoch.de\/?p=1149\" class=\"more-link\"><span class=\"screen-reader-text\">Die Geschichte des Regens<\/span> weiterlesen <span class=\"meta-nav\">&rarr;<\/span><\/a><\/p>\n","protected":false},"author":6,"featured_media":0,"comment_status":"open","ping_status":"open","sticky":false,"template":"","format":"standard","meta":{"footnotes":""},"categories":[1],"tags":[190],"class_list":["post-1149","post","type-post","status-publish","format-standard","hentry","category-allgemein","tag-irland"],"_links":{"self":[{"href":"https:\/\/blog.liesdoch.de\/index.php?rest_route=\/wp\/v2\/posts\/1149","targetHints":{"allow":["GET"]}}],"collection":[{"href":"https:\/\/blog.liesdoch.de\/index.php?rest_route=\/wp\/v2\/posts"}],"about":[{"href":"https:\/\/blog.liesdoch.de\/index.php?rest_route=\/wp\/v2\/types\/post"}],"author":[{"embeddable":true,"href":"https:\/\/blog.liesdoch.de\/index.php?rest_route=\/wp\/v2\/users\/6"}],"replies":[{"embeddable":true,"href":"https:\/\/blog.liesdoch.de\/index.php?rest_route=%2Fwp%2Fv2%2Fcomments&post=1149"}],"version-history":[{"count":1,"href":"https:\/\/blog.liesdoch.de\/index.php?rest_route=\/wp\/v2\/posts\/1149\/revisions"}],"predecessor-version":[{"id":1151,"href":"https:\/\/blog.liesdoch.de\/index.php?rest_route=\/wp\/v2\/posts\/1149\/revisions\/1151"}],"wp:attachment":[{"href":"https:\/\/blog.liesdoch.de\/index.php?rest_route=%2Fwp%2Fv2%2Fmedia&parent=1149"}],"wp:term":[{"taxonomy":"category","embeddable":true,"href":"https:\/\/blog.liesdoch.de\/index.php?rest_route=%2Fwp%2Fv2%2Fcategories&post=1149"},{"taxonomy":"post_tag","embeddable":true,"href":"https:\/\/blog.liesdoch.de\/index.php?rest_route=%2Fwp%2Fv2%2Ftags&post=1149"}],"curies":[{"name":"wp","href":"https:\/\/api.w.org\/{rel}","templated":true}]}}