{"id":1163,"date":"2016-01-29T09:09:05","date_gmt":"2016-01-29T07:09:05","guid":{"rendered":"http:\/\/blog.liesdoch.de\/?p=1163"},"modified":"2016-01-29T09:09:05","modified_gmt":"2016-01-29T07:09:05","slug":"kampf-um-die-armut","status":"publish","type":"post","link":"https:\/\/blog.liesdoch.de\/?p=1163","title":{"rendered":"Kampf um die Armut"},"content":{"rendered":"<p>&nbsp;<\/p>\n<p>&nbsp;<\/p>\n<p>&nbsp;<\/p>\n<p><a href=\"http:\/\/blog.liesdoch.de\/wp-content\/uploads\/2016\/01\/43057339z.jpg\"><img loading=\"lazy\" decoding=\"async\" class=\"alignnone size-medium wp-image-1164\" src=\"http:\/\/blog.liesdoch.de\/wp-content\/uploads\/2016\/01\/43057339z-188x300.jpg\" alt=\"43057339z\" width=\"188\" height=\"300\" srcset=\"https:\/\/blog.liesdoch.de\/wp-content\/uploads\/2016\/01\/43057339z-188x300.jpg 188w, https:\/\/blog.liesdoch.de\/wp-content\/uploads\/2016\/01\/43057339z.jpg 264w\" sizes=\"auto, (max-width: 188px) 100vw, 188px\" \/><\/a><\/p>\n<p>&nbsp;<\/p>\n<p>&nbsp;<\/p>\n<p>Ulrich Schneider \u00a0(Hg.), Kampf um die Armut, \u00a0Westend 2015, ISBN 978-3-86489-114-4<\/p>\n<p>&nbsp;<\/p>\n<p>&nbsp;<\/p>\n<p>Sie geh\u00f6ren seit vielen Jahren aus ihren unterschiedlichen Professionen \u00a0und Funktionen \u00a0heraus zu den profiliertesten und engagiertesten Kritikern einer Sozial-und Gesellschaftspolitik, \u00a0die in den Jahren nach der Finanzkrise nicht nur nach ihrer Wahrnehmung \u00a0die Schere zwischen den Reichen und den Armen in \u00a0der Gesellschaft \u00a0der Bundesrepublik Deutschland besonders \u00a0weit hat aufgehen lassen.<\/p>\n<p>Ulrich Schneider, Christoph Butterwege, \u00a0Friedhelm Hengsbach, Rudolf Martens und Stefan Sell schreiben in dem hier vorliegenden Buch unter der Herausgeberschaft \u00a0von Ulrich Schneider \u00a0nicht nur &#8222;von echten N\u00f6ten und neoliberalen Mythen&#8220;, sondern sie versuchen auch mit entsprechenden Zahlen nachzuweisen, \u00a0was sie auch in vielen Auftritten in den Medien immer wieder \u00a0betonen: die Zahl der Armen in unserem Land steigt, insbesondere \u00a0immer mehr Kinder wachsen unter Armutsbedingungen auf mit allen verheerenden \u00a0Folgen \u00a0f\u00fcr ihre k\u00f6rperliche und geistige Entwicklung.<\/p>\n<p>Nat\u00fcrlich spielt die Definition von Armut \u00a0immer bei allen Debatten eine wesentliche Rolle. Besonders umstritten \u00a0ist die sogenannte \u00a060% Regel, nach der als arm zu gelten hat, wer weniger als 60% des Durchschnittseinkommens \u00a0f\u00fcr seinen \u00a0Lebensunterhalt zur Verf\u00fcgung \u00a0hat. Mich pers\u00f6nlich hat diese Regel noch nie \u00fcberzeugt, \u00a0weil danach \u00a0selbst bei einer angenommenen Steigerung des Einkommens aller um das Doppelte genauso viele Menschen als arm zu gelten h\u00e4tten, selbst wenn die Lebenshaltungskosten gleich geblieben w\u00e4ren.<\/p>\n<p>Auch nach \u00a0der ausf\u00fchrlichen \u00a0Erl\u00e4uterung und Begr\u00fcndung \u00a0einiger Autoren in diesem Buch bin ich nicht \u00a0\u00fcberzeugt davon. Gleichwohl sind die Hinweise \u00a0\u00fcberdeutlich: in der sich f\u00fcr immer mehr Menschen verschlechternden \u00a0sozialen und \u00f6konomischen \u00a0Lage verbirgt sich ein Konfliktpotential f\u00fcr die Zukunft unserer demokratischen Gesellschaft, \u00a0die vielleicht mehr sozialen Sprengstoff in sich birgt als so mancher \u00a0andere \u00a0Konflikt, \u00a0der derzeit die \u00f6ffentlichen \u00a0Gem\u00fcter \u00a0erhitzt.<\/p>\n<p>Leider gibt es zur Zeit wegen der boomenden Wirtschaft und niedrigen Arbeitslosenzahlen \u00a0wenig Aufmerksamkeit \u00a0f\u00fcr dieses Thema. Ich bin aber sicher, dass sich das schon bald wieder \u00e4ndern wird. Dann wird man gerne auf die Ausf\u00fchrungen \u00a0und Erl\u00e4uterungen \u00a0dieses \u00a0Buches \u00a0wieder zur\u00fcckgreifen.<\/p>\n<p>&nbsp;<\/p>\n","protected":false},"excerpt":{"rendered":"<p>&nbsp; &nbsp; &nbsp; &nbsp; &nbsp; Ulrich Schneider \u00a0(Hg.), Kampf um die Armut, \u00a0Westend 2015, ISBN 978-3-86489-114-4 &nbsp; &nbsp; Sie geh\u00f6ren seit vielen Jahren aus ihren unterschiedlichen Professionen \u00a0und Funktionen \u00a0heraus zu den profiliertesten und engagiertesten Kritikern einer Sozial-und Gesellschaftspolitik, \u00a0die in den Jahren nach der Finanzkrise nicht nur nach ihrer Wahrnehmung \u00a0die Schere zwischen den &hellip; <a href=\"https:\/\/blog.liesdoch.de\/?p=1163\" class=\"more-link\"><span class=\"screen-reader-text\">Kampf um die Armut<\/span> weiterlesen <span class=\"meta-nav\">&rarr;<\/span><\/a><\/p>\n","protected":false},"author":6,"featured_media":0,"comment_status":"open","ping_status":"open","sticky":false,"template":"","format":"standard","meta":{"footnotes":""},"categories":[1],"tags":[346,347],"class_list":["post-1163","post","type-post","status-publish","format-standard","hentry","category-allgemein","tag-armut","tag-sozialpolitik"],"_links":{"self":[{"href":"https:\/\/blog.liesdoch.de\/index.php?rest_route=\/wp\/v2\/posts\/1163","targetHints":{"allow":["GET"]}}],"collection":[{"href":"https:\/\/blog.liesdoch.de\/index.php?rest_route=\/wp\/v2\/posts"}],"about":[{"href":"https:\/\/blog.liesdoch.de\/index.php?rest_route=\/wp\/v2\/types\/post"}],"author":[{"embeddable":true,"href":"https:\/\/blog.liesdoch.de\/index.php?rest_route=\/wp\/v2\/users\/6"}],"replies":[{"embeddable":true,"href":"https:\/\/blog.liesdoch.de\/index.php?rest_route=%2Fwp%2Fv2%2Fcomments&post=1163"}],"version-history":[{"count":1,"href":"https:\/\/blog.liesdoch.de\/index.php?rest_route=\/wp\/v2\/posts\/1163\/revisions"}],"predecessor-version":[{"id":1165,"href":"https:\/\/blog.liesdoch.de\/index.php?rest_route=\/wp\/v2\/posts\/1163\/revisions\/1165"}],"wp:attachment":[{"href":"https:\/\/blog.liesdoch.de\/index.php?rest_route=%2Fwp%2Fv2%2Fmedia&parent=1163"}],"wp:term":[{"taxonomy":"category","embeddable":true,"href":"https:\/\/blog.liesdoch.de\/index.php?rest_route=%2Fwp%2Fv2%2Fcategories&post=1163"},{"taxonomy":"post_tag","embeddable":true,"href":"https:\/\/blog.liesdoch.de\/index.php?rest_route=%2Fwp%2Fv2%2Ftags&post=1163"}],"curies":[{"name":"wp","href":"https:\/\/api.w.org\/{rel}","templated":true}]}}