{"id":1216,"date":"2016-02-05T09:06:36","date_gmt":"2016-02-05T07:06:36","guid":{"rendered":"http:\/\/blog.liesdoch.de\/?p=1216"},"modified":"2016-02-05T09:06:36","modified_gmt":"2016-02-05T07:06:36","slug":"mein-kuschelweiches-schaefchen-buch","status":"publish","type":"post","link":"https:\/\/blog.liesdoch.de\/?p=1216","title":{"rendered":"Mein kuschelweiches Sch\u00e4fchen-Buch"},"content":{"rendered":"<p>&nbsp;<\/p>\n<p>&nbsp;<\/p>\n<p><a href=\"http:\/\/blog.liesdoch.de\/wp-content\/uploads\/2016\/02\/41410903z.jpg\"><img loading=\"lazy\" decoding=\"async\" class=\"alignnone size-medium wp-image-1217\" src=\"http:\/\/blog.liesdoch.de\/wp-content\/uploads\/2016\/02\/41410903z-277x300.jpg\" alt=\"41410903z\" width=\"277\" height=\"300\" srcset=\"https:\/\/blog.liesdoch.de\/wp-content\/uploads\/2016\/02\/41410903z-277x300.jpg 277w, https:\/\/blog.liesdoch.de\/wp-content\/uploads\/2016\/02\/41410903z.jpg 340w\" sizes=\"auto, (max-width: 277px) 100vw, 277px\" \/><\/a><\/p>\n<p>Monika Neubacher-Fesser, Mein kuschelweiches Sch\u00e4fchen-Buch, Ravensburger Verlag 2015, ISBN 978-3-473-31689-2<\/p>\n<p>&nbsp;<\/p>\n<p>F\u00fcr ganz kleine Kinder ab etwa drei Monaten sind die Kuschelb\u00fccher dieser ministeps- Reihe aus dem Ravensburger Verlag gedacht. Ganz aus Stoff, aber wie ein richtiges Buch zum Umbl\u00e4ttern, k\u00f6nnen die Babys dieses Buch in den Mund nehmen, sich an ihm Kuscheln, und es macht auch Ger\u00e4usche.<\/p>\n<p>Denn die Ohren des kleinen Schafes, das die Babys beim Umbl\u00e4ttern \u00fcber eine gr\u00fcne Wiese mit allerlei interessanten Objekten f\u00fchrt, knistern leise, wenn man sie anfasst. Die ministeps-Reihe ist aufgebaut in f\u00fcnf Altersstufen. Dieses kuschelweiche Sch\u00e4fchenbuch geh\u00f6rt zur ersten von 0-6 Monaten. Eltern, die davon \u00fcberzeugt waren, werden auch in den kommenden Lebensmonaten und -jahren ihrer Kinder immer wieder gerne auf Produkte aus Ravensburg zur\u00fcckgreifen, bis hin zu der sensationellen Tip-Toi-Technik, mit der Kinder sp\u00e4ter ihre B\u00fccher und deren Inhalte erschlie\u00dfen k\u00f6nnen.<\/p>\n","protected":false},"excerpt":{"rendered":"<p>&nbsp; &nbsp; Monika Neubacher-Fesser, Mein kuschelweiches Sch\u00e4fchen-Buch, Ravensburger Verlag 2015, ISBN 978-3-473-31689-2 &nbsp; F\u00fcr ganz kleine Kinder ab etwa drei Monaten sind die Kuschelb\u00fccher dieser ministeps- Reihe aus dem Ravensburger Verlag gedacht. Ganz aus Stoff, aber wie ein richtiges Buch zum Umbl\u00e4ttern, k\u00f6nnen die Babys dieses Buch in den Mund nehmen, sich an ihm Kuscheln, &hellip; <a href=\"https:\/\/blog.liesdoch.de\/?p=1216\" class=\"more-link\"><span class=\"screen-reader-text\">Mein kuschelweiches Sch\u00e4fchen-Buch<\/span> weiterlesen <span class=\"meta-nav\">&rarr;<\/span><\/a><\/p>\n","protected":false},"author":6,"featured_media":0,"comment_status":"open","ping_status":"open","sticky":false,"template":"","format":"standard","meta":{"footnotes":""},"categories":[1],"tags":[354],"class_list":["post-1216","post","type-post","status-publish","format-standard","hentry","category-allgemein","tag-ab-3-monate"],"_links":{"self":[{"href":"https:\/\/blog.liesdoch.de\/index.php?rest_route=\/wp\/v2\/posts\/1216","targetHints":{"allow":["GET"]}}],"collection":[{"href":"https:\/\/blog.liesdoch.de\/index.php?rest_route=\/wp\/v2\/posts"}],"about":[{"href":"https:\/\/blog.liesdoch.de\/index.php?rest_route=\/wp\/v2\/types\/post"}],"author":[{"embeddable":true,"href":"https:\/\/blog.liesdoch.de\/index.php?rest_route=\/wp\/v2\/users\/6"}],"replies":[{"embeddable":true,"href":"https:\/\/blog.liesdoch.de\/index.php?rest_route=%2Fwp%2Fv2%2Fcomments&post=1216"}],"version-history":[{"count":1,"href":"https:\/\/blog.liesdoch.de\/index.php?rest_route=\/wp\/v2\/posts\/1216\/revisions"}],"predecessor-version":[{"id":1218,"href":"https:\/\/blog.liesdoch.de\/index.php?rest_route=\/wp\/v2\/posts\/1216\/revisions\/1218"}],"wp:attachment":[{"href":"https:\/\/blog.liesdoch.de\/index.php?rest_route=%2Fwp%2Fv2%2Fmedia&parent=1216"}],"wp:term":[{"taxonomy":"category","embeddable":true,"href":"https:\/\/blog.liesdoch.de\/index.php?rest_route=%2Fwp%2Fv2%2Fcategories&post=1216"},{"taxonomy":"post_tag","embeddable":true,"href":"https:\/\/blog.liesdoch.de\/index.php?rest_route=%2Fwp%2Fv2%2Ftags&post=1216"}],"curies":[{"name":"wp","href":"https:\/\/api.w.org\/{rel}","templated":true}]}}