{"id":1250,"date":"2016-02-08T11:23:04","date_gmt":"2016-02-08T09:23:04","guid":{"rendered":"http:\/\/blog.liesdoch.de\/?p=1250"},"modified":"2016-02-08T11:23:04","modified_gmt":"2016-02-08T09:23:04","slug":"bestimmt-wird-alles-gut","status":"publish","type":"post","link":"https:\/\/blog.liesdoch.de\/?p=1250","title":{"rendered":"Bestimmt wird alles gut"},"content":{"rendered":"<p>&nbsp;<\/p>\n<p>&nbsp;<\/p>\n<p><a href=\"http:\/\/blog.liesdoch.de\/wp-content\/uploads\/2016\/02\/44080284z.jpg\"><img loading=\"lazy\" decoding=\"async\" class=\"alignnone size-medium wp-image-1251\" src=\"http:\/\/blog.liesdoch.de\/wp-content\/uploads\/2016\/02\/44080284z-300x251.jpg\" alt=\"44080284z\" width=\"300\" height=\"251\" srcset=\"https:\/\/blog.liesdoch.de\/wp-content\/uploads\/2016\/02\/44080284z-300x251.jpg 300w, https:\/\/blog.liesdoch.de\/wp-content\/uploads\/2016\/02\/44080284z.jpg 340w\" sizes=\"auto, (max-width: 300px) 100vw, 300px\" \/><\/a><\/p>\n<p>&nbsp;<\/p>\n<p>Kirsten Boie, Jan Birck, Bestimmt wird alles gut, Klett Kinderbuch 2016, ISBN 978-3-95470-134-6<\/p>\n<p>&nbsp;<\/p>\n<p>Kirsten Boie hat sich in ihrer langen Geschichte als Autorin von B\u00fcchern f\u00fcr Kinder schon des \u00d6fteren schwieriger Themen angenommen. In ihrem neuen Buch versucht sie Kindern im Grundschulalter zu erkl\u00e4ren und verst\u00e4ndlich zu machen, was doch die Erwachsenen und auch die Medien nicht richtig fassen k\u00f6nnen. Das Drama der Fl\u00fcchtlinge, die vor dem Krieg in Syrien und anderswo fl\u00fcchten und unter Einsatz ihres Lebens in Europa Schutz, Rettung und ein neues, sicheres Leben sich ertr\u00e4umen. Sie macht das so, dass sie das komplexe Thema am Beispiel einer einzelnen Familie erz\u00e4hlt. Es ist die Geschichte der 10-j\u00e4hrigen Rahaf. Fr\u00fcher einmal lebte sie mit ihrer Familie in einem gro\u00dfen Haus. Und dann sieht sie pl\u00f6tzlich Menschen sterben in einem f\u00fcrchterlichen Krieg, in dem Bombenangriffe den Alltag schon von Kindern bestimmen.<\/p>\n<p>Als ihre Familie beschlie\u00dft, nach Europa zu fliehen, muss Rahaf ihre Oma und ihre beste Freundin zur\u00fccklassen. Ohne Feinzeichner erz\u00e4hlt Boie von der Flucht, der schwierigen Ankunft in Deutschland und den Sorgen der Familie um ihre Zukunft. Der Vater findet keine Arbeit und in der Schule f\u00fchlt sich Rahaf fremd.<\/p>\n<p>\u201eBestimmt wird alles gut.\u201c So denkt auch Rahaf, verliert ihre Hoffnung nicht, lernt bald Deutsch und findet in Emma auch eine gute Freundin. Obwohl das Buch vieles besser und einfacher darstellt, als es wohl in der Realit\u00e4t f\u00fcr die meisten Fl\u00fcchtlingen aussieht, kann das Buch Kindern auf eine gute Weise die Fl\u00fcchtlingsproblematik erkl\u00e4ren, die in diesen Tagen und Monaten die gesamte \u00f6ffentliche Debatte bestimmt.<\/p>\n<p>Nach einer Welle der Begeisterung auch \u00fcber die eigene Willkommenskultur beherrscht die Angst zunehmend die K\u00f6pfe und Herzen auch von den Menschen, die gerne helfen wollen. Besseres Verst\u00e4ndnis statt schneller Abwehr \u2013 dazu kann dieses kleine Buch beitragen.<\/p>\n<p>&nbsp;<\/p>\n<p>&nbsp;<\/p>\n","protected":false},"excerpt":{"rendered":"<p>&nbsp; &nbsp; &nbsp; Kirsten Boie, Jan Birck, Bestimmt wird alles gut, Klett Kinderbuch 2016, ISBN 978-3-95470-134-6 &nbsp; Kirsten Boie hat sich in ihrer langen Geschichte als Autorin von B\u00fcchern f\u00fcr Kinder schon des \u00d6fteren schwieriger Themen angenommen. In ihrem neuen Buch versucht sie Kindern im Grundschulalter zu erkl\u00e4ren und verst\u00e4ndlich zu machen, was doch die &hellip; <a href=\"https:\/\/blog.liesdoch.de\/?p=1250\" class=\"more-link\"><span class=\"screen-reader-text\">Bestimmt wird alles gut<\/span> weiterlesen <span class=\"meta-nav\">&rarr;<\/span><\/a><\/p>\n","protected":false},"author":6,"featured_media":0,"comment_status":"open","ping_status":"open","sticky":false,"template":"","format":"standard","meta":{"footnotes":""},"categories":[1],"tags":[258],"class_list":["post-1250","post","type-post","status-publish","format-standard","hentry","category-allgemein","tag-fluechtlinge"],"_links":{"self":[{"href":"https:\/\/blog.liesdoch.de\/index.php?rest_route=\/wp\/v2\/posts\/1250","targetHints":{"allow":["GET"]}}],"collection":[{"href":"https:\/\/blog.liesdoch.de\/index.php?rest_route=\/wp\/v2\/posts"}],"about":[{"href":"https:\/\/blog.liesdoch.de\/index.php?rest_route=\/wp\/v2\/types\/post"}],"author":[{"embeddable":true,"href":"https:\/\/blog.liesdoch.de\/index.php?rest_route=\/wp\/v2\/users\/6"}],"replies":[{"embeddable":true,"href":"https:\/\/blog.liesdoch.de\/index.php?rest_route=%2Fwp%2Fv2%2Fcomments&post=1250"}],"version-history":[{"count":1,"href":"https:\/\/blog.liesdoch.de\/index.php?rest_route=\/wp\/v2\/posts\/1250\/revisions"}],"predecessor-version":[{"id":1252,"href":"https:\/\/blog.liesdoch.de\/index.php?rest_route=\/wp\/v2\/posts\/1250\/revisions\/1252"}],"wp:attachment":[{"href":"https:\/\/blog.liesdoch.de\/index.php?rest_route=%2Fwp%2Fv2%2Fmedia&parent=1250"}],"wp:term":[{"taxonomy":"category","embeddable":true,"href":"https:\/\/blog.liesdoch.de\/index.php?rest_route=%2Fwp%2Fv2%2Fcategories&post=1250"},{"taxonomy":"post_tag","embeddable":true,"href":"https:\/\/blog.liesdoch.de\/index.php?rest_route=%2Fwp%2Fv2%2Ftags&post=1250"}],"curies":[{"name":"wp","href":"https:\/\/api.w.org\/{rel}","templated":true}]}}