{"id":1286,"date":"2016-02-11T11:51:28","date_gmt":"2016-02-11T09:51:28","guid":{"rendered":"http:\/\/blog.liesdoch.de\/?p=1286"},"modified":"2016-02-11T11:51:28","modified_gmt":"2016-02-11T09:51:28","slug":"nur-ein-tag","status":"publish","type":"post","link":"https:\/\/blog.liesdoch.de\/?p=1286","title":{"rendered":"Nur ein Tag"},"content":{"rendered":"<p><strong><\/strong><\/p>\n<p>&nbsp;<\/p>\n<p>&nbsp;<\/p>\n<p>&nbsp;<\/p>\n<p><a href=\"http:\/\/blog.liesdoch.de\/wp-content\/uploads\/2016\/02\/44115289z.jpg\"><img loading=\"lazy\" decoding=\"async\" class=\"alignnone size-medium wp-image-1287\" src=\"http:\/\/blog.liesdoch.de\/wp-content\/uploads\/2016\/02\/44115289z-216x300.jpg\" alt=\"44115289z\" width=\"216\" height=\"300\" srcset=\"https:\/\/blog.liesdoch.de\/wp-content\/uploads\/2016\/02\/44115289z-216x300.jpg 216w, https:\/\/blog.liesdoch.de\/wp-content\/uploads\/2016\/02\/44115289z.jpg 303w\" sizes=\"auto, (max-width: 216px) 100vw, 216px\" \/><\/a><\/p>\n<p>&nbsp;<\/p>\n<p>Martin Baltscheit, Nur ein Tag, Dressler 2016, ISBN 978-3-7915-2702-4<\/p>\n<p>Nachdem \u201eNur ein Tag\u201c mehrfach als Theaterst\u00fcck aufgef\u00fchrt wurde und auch als H\u00f6rbuch gro\u00dfen mit Preisen ausgezeichneten Erfolg hatte, erscheint es nun endlich mit wunderbaren Illustrationen von Wiebke Rauers bereichert im Dressler Verlag als Buch. Es ist ein Buch f\u00fcr Erwachsene und Kinder zugleich und es erz\u00e4hlt von Freundschaft, dem Reichtum und dem Gl\u00fcck des Lebens und seiner unb\u00e4ndigen Kraft.<\/p>\n<p>Voller Poesie und mit unvergesslichen Formulierungen (Beispiel: \u201eDer Stundenplan des Lebens f\u00fcllt sich von selbst.\u201c) erz\u00e4hlt der erfolgreiche Kinder- und Bilderbuchautor Martin Baltscheit die Geschichte von einem Fuchs und einem Wildschwein, die einer Eintagsfliege beim Schl\u00fcpfen zusehen. Sie ist von so gro\u00dfer Anmut und Sch\u00f6nheit, dass sich beide sofort in sie verlieben. Sie wissen, dass sie nur einen Tag zu leben hat, aber sie trauen sich nicht der Fliege das zu sagen. Stattdessen behauptet das Wildschein, es sei der Fuchs, der nur einen Tag zu leben hat.<\/p>\n<p>Wie die Eintagsfliege dann mit all ihrer Kraft, Liebe und Phantasie versucht, den Tag f\u00fcr den Fuchs zu seinem allersch\u00f6nsten Tag zu machen, ist ber\u00fchrend und treibt einem beim Lesen abwechselnd die Tr\u00e4nen in die Augen und ein L\u00e4cheln ins Gesicht. Sie gibt alles, denn \u201ewer nur einen Tag, der braucht das ganze Gl\u00fcck in 24 Stunden.\u201c<\/p>\n<p>Ein wunderbares, absolut preisverd\u00e4chtiges Buch, eine Ode an das Leben, an jedes Leben, und sei es auch noch so kurz. Beim Lesen sind mir Menschen pr\u00e4sent gewesen, die ich in der Vergangenheit oder ganz aktuell in ihrem Sterben begleite. Und es hat mir so viel Kraft gegeben.<\/p>\n<p>&nbsp;<\/p>\n<p>&nbsp;<\/p>\n","protected":false},"excerpt":{"rendered":"<p>&nbsp; &nbsp; &nbsp; &nbsp; Martin Baltscheit, Nur ein Tag, Dressler 2016, ISBN 978-3-7915-2702-4 Nachdem \u201eNur ein Tag\u201c mehrfach als Theaterst\u00fcck aufgef\u00fchrt wurde und auch als H\u00f6rbuch gro\u00dfen mit Preisen ausgezeichneten Erfolg hatte, erscheint es nun endlich mit wunderbaren Illustrationen von Wiebke Rauers bereichert im Dressler Verlag als Buch. Es ist ein Buch f\u00fcr Erwachsene und &hellip; <a href=\"https:\/\/blog.liesdoch.de\/?p=1286\" class=\"more-link\"><span class=\"screen-reader-text\">Nur ein Tag<\/span> weiterlesen <span class=\"meta-nav\">&rarr;<\/span><\/a><\/p>\n","protected":false},"author":6,"featured_media":0,"comment_status":"open","ping_status":"open","sticky":false,"template":"","format":"standard","meta":{"footnotes":""},"categories":[1],"tags":[33,360],"class_list":["post-1286","post","type-post","status-publish","format-standard","hentry","category-allgemein","tag-bilderbuch","tag-martin-baltscheit"],"_links":{"self":[{"href":"https:\/\/blog.liesdoch.de\/index.php?rest_route=\/wp\/v2\/posts\/1286","targetHints":{"allow":["GET"]}}],"collection":[{"href":"https:\/\/blog.liesdoch.de\/index.php?rest_route=\/wp\/v2\/posts"}],"about":[{"href":"https:\/\/blog.liesdoch.de\/index.php?rest_route=\/wp\/v2\/types\/post"}],"author":[{"embeddable":true,"href":"https:\/\/blog.liesdoch.de\/index.php?rest_route=\/wp\/v2\/users\/6"}],"replies":[{"embeddable":true,"href":"https:\/\/blog.liesdoch.de\/index.php?rest_route=%2Fwp%2Fv2%2Fcomments&post=1286"}],"version-history":[{"count":1,"href":"https:\/\/blog.liesdoch.de\/index.php?rest_route=\/wp\/v2\/posts\/1286\/revisions"}],"predecessor-version":[{"id":1288,"href":"https:\/\/blog.liesdoch.de\/index.php?rest_route=\/wp\/v2\/posts\/1286\/revisions\/1288"}],"wp:attachment":[{"href":"https:\/\/blog.liesdoch.de\/index.php?rest_route=%2Fwp%2Fv2%2Fmedia&parent=1286"}],"wp:term":[{"taxonomy":"category","embeddable":true,"href":"https:\/\/blog.liesdoch.de\/index.php?rest_route=%2Fwp%2Fv2%2Fcategories&post=1286"},{"taxonomy":"post_tag","embeddable":true,"href":"https:\/\/blog.liesdoch.de\/index.php?rest_route=%2Fwp%2Fv2%2Ftags&post=1286"}],"curies":[{"name":"wp","href":"https:\/\/api.w.org\/{rel}","templated":true}]}}