{"id":1307,"date":"2016-02-15T11:08:37","date_gmt":"2016-02-15T09:08:37","guid":{"rendered":"http:\/\/blog.liesdoch.de\/?p=1307"},"modified":"2016-02-15T11:08:37","modified_gmt":"2016-02-15T09:08:37","slug":"wo-unser-wetter-entsteht","status":"publish","type":"post","link":"https:\/\/blog.liesdoch.de\/?p=1307","title":{"rendered":"Wo unser Wetter entsteht"},"content":{"rendered":"<p>&nbsp;<\/p>\n<p><a href=\"http:\/\/blog.liesdoch.de\/wp-content\/uploads\/2016\/02\/43675989z.jpg\"><img loading=\"lazy\" decoding=\"async\" class=\"alignnone size-medium wp-image-1308\" src=\"http:\/\/blog.liesdoch.de\/wp-content\/uploads\/2016\/02\/43675989z-255x300.jpg\" alt=\"43675989z\" width=\"255\" height=\"300\" srcset=\"https:\/\/blog.liesdoch.de\/wp-content\/uploads\/2016\/02\/43675989z-255x300.jpg 255w, https:\/\/blog.liesdoch.de\/wp-content\/uploads\/2016\/02\/43675989z.jpg 405w\" sizes=\"auto, (max-width: 255px) 100vw, 255px\" \/><\/a><\/p>\n<p>Rolf Schlenker, Sven Pl\u00f6ger, Wo unser Wetter entsteht. Eine meteorologische Reise, Belser 2016, ISBN 978-3-7630-2709-5<\/p>\n<p>&nbsp;<\/p>\n<p>Im Dezember 2015 erschienen, geht dieses Buch des ARD-Meteorologen Sven Pl\u00f6ger und des SWR-Wissenschaftsjournalisten Rolf Schlenker nun schon in die dritte Auflage. Das ist ungew\u00f6hnlich selbst f\u00fcr ein popul\u00e4res Sachbuch und zeigt, wie sehr das Thema Wetter die Gem\u00fcter der Menschen besch\u00e4ftigt.<\/p>\n<p>Jeder Sender im Radio hat seit Jahren einen speziellen Wettermoderator, der oft mehrmals pro Stunde zu den Wetteraussichten des Tages und der kommenden Tage befragt wird. Die Wetterfr\u00f6sche in den verschiedenen Fernsehkan\u00e4len sind in diesen Zeiten oft bekannter als die Nachrichtensprecher.<\/p>\n<p>Zu ihnen geh\u00f6rt seit langem f\u00fcr die ARD auch Sven Pl\u00f6ger, der sich in seinen Moderationen, vor allem aber in seinen Ver\u00f6ffentlichungen dadurch auszeichnet, dass er nicht unbedingt gleich in den Chor derjenigen einf\u00e4llt, die permanent von der Klimakatastrophe sprechen.<\/p>\n<p>Er pl\u00e4diert immer wieder, auch in diesem Buch, daf\u00fcr, die \u201enat\u00fcrliche\u201c von der \u201emenschengemachten\u201c Erw\u00e4rmung zu trennen.<\/p>\n<p>F\u00fcr dieses Buch, das seine Leser mitnimmt auf einen Weg, in f\u00fcnf Schritten das Wetter zu verstehen, haben Rolf Schlenker und Sven Pl\u00f6ger in mehreren Reisen die Schaupl\u00e4tze aufgesucht, die unser Mitteleurop\u00e4isches Wetter bestimmen. Sie waren auf den Azoren, in Island und am Golf von Genua und erkl\u00e4ren insbesondere die Bedeutung des Atlantiks und des Golfstroms.<\/p>\n<p>Mit zahlreichen Bildern und Fotografien und vor allen Digen mit ihren sehr verst\u00e4ndlichen Texten, schaffen es die beiden Autoren, hochkomplexe Zusammenh\u00e4nge herunter zu brechen und dem normalen Menschen zu erkl\u00e4ren.<\/p>\n<p>Nachdem sie in f\u00fcnf Schritten sehr nachvollziehbar f\u00fcr mehr Verstehen der Zusammenh\u00e4nge gesorgt haben, widmen sie sich in einem abschlie\u00dfenden Kapitel sehr differenziert dem Klimawandel. Ihre conclusio: Reduzierung der CO 2 Konzentration in der Atmosph\u00e4re durch den Verzicht auf Kohle, Gas und \u00d6l. Und das halten sie f\u00fcr machbar.<\/p>\n<p>Wie man die Entstehung von Wetter, wie man Wetterph\u00e4nomen der Vergangenheit wie den Sturm \u201eLothar\u201c oder das Elbhochwasser 2002 anschaulich erkl\u00e4ren und dabei noch packend erz\u00e4hlen kann \u2013Rolf Schlenker und Sven Pl\u00f6ger haben es hier vorgemacht.<\/p>\n","protected":false},"excerpt":{"rendered":"<p>&nbsp; Rolf Schlenker, Sven Pl\u00f6ger, Wo unser Wetter entsteht. Eine meteorologische Reise, Belser 2016, ISBN 978-3-7630-2709-5 &nbsp; Im Dezember 2015 erschienen, geht dieses Buch des ARD-Meteorologen Sven Pl\u00f6ger und des SWR-Wissenschaftsjournalisten Rolf Schlenker nun schon in die dritte Auflage. Das ist ungew\u00f6hnlich selbst f\u00fcr ein popul\u00e4res Sachbuch und zeigt, wie sehr das Thema Wetter die &hellip; <a href=\"https:\/\/blog.liesdoch.de\/?p=1307\" class=\"more-link\"><span class=\"screen-reader-text\">Wo unser Wetter entsteht<\/span> weiterlesen <span class=\"meta-nav\">&rarr;<\/span><\/a><\/p>\n","protected":false},"author":6,"featured_media":0,"comment_status":"open","ping_status":"open","sticky":false,"template":"","format":"standard","meta":{"footnotes":""},"categories":[1],"tags":[365],"class_list":["post-1307","post","type-post","status-publish","format-standard","hentry","category-allgemein","tag-wetter"],"_links":{"self":[{"href":"https:\/\/blog.liesdoch.de\/index.php?rest_route=\/wp\/v2\/posts\/1307","targetHints":{"allow":["GET"]}}],"collection":[{"href":"https:\/\/blog.liesdoch.de\/index.php?rest_route=\/wp\/v2\/posts"}],"about":[{"href":"https:\/\/blog.liesdoch.de\/index.php?rest_route=\/wp\/v2\/types\/post"}],"author":[{"embeddable":true,"href":"https:\/\/blog.liesdoch.de\/index.php?rest_route=\/wp\/v2\/users\/6"}],"replies":[{"embeddable":true,"href":"https:\/\/blog.liesdoch.de\/index.php?rest_route=%2Fwp%2Fv2%2Fcomments&post=1307"}],"version-history":[{"count":1,"href":"https:\/\/blog.liesdoch.de\/index.php?rest_route=\/wp\/v2\/posts\/1307\/revisions"}],"predecessor-version":[{"id":1309,"href":"https:\/\/blog.liesdoch.de\/index.php?rest_route=\/wp\/v2\/posts\/1307\/revisions\/1309"}],"wp:attachment":[{"href":"https:\/\/blog.liesdoch.de\/index.php?rest_route=%2Fwp%2Fv2%2Fmedia&parent=1307"}],"wp:term":[{"taxonomy":"category","embeddable":true,"href":"https:\/\/blog.liesdoch.de\/index.php?rest_route=%2Fwp%2Fv2%2Fcategories&post=1307"},{"taxonomy":"post_tag","embeddable":true,"href":"https:\/\/blog.liesdoch.de\/index.php?rest_route=%2Fwp%2Fv2%2Ftags&post=1307"}],"curies":[{"name":"wp","href":"https:\/\/api.w.org\/{rel}","templated":true}]}}