{"id":1338,"date":"2016-02-18T10:38:12","date_gmt":"2016-02-18T08:38:12","guid":{"rendered":"http:\/\/blog.liesdoch.de\/?p=1338"},"modified":"2016-02-18T10:38:12","modified_gmt":"2016-02-18T08:38:12","slug":"heule-eule-ich-will-mein-bumm","status":"publish","type":"post","link":"https:\/\/blog.liesdoch.de\/?p=1338","title":{"rendered":"Heule Eule. Ich will mein Bumm"},"content":{"rendered":"<p>&nbsp;<\/p>\n<p>&nbsp;<\/p>\n<p><a href=\"http:\/\/blog.liesdoch.de\/wp-content\/uploads\/2016\/02\/44144762z.jpg\"><img loading=\"lazy\" decoding=\"async\" class=\"alignnone size-medium wp-image-1339\" src=\"http:\/\/blog.liesdoch.de\/wp-content\/uploads\/2016\/02\/44144762z-231x300.jpg\" alt=\"44144762z\" width=\"231\" height=\"300\" srcset=\"https:\/\/blog.liesdoch.de\/wp-content\/uploads\/2016\/02\/44144762z-231x300.jpg 231w, https:\/\/blog.liesdoch.de\/wp-content\/uploads\/2016\/02\/44144762z.jpg 324w\" sizes=\"auto, (max-width: 231px) 100vw, 231px\" \/><\/a><\/p>\n<p>Paul Friester, Philippe Goossens, Heule Eule. Ich will mein Bumm, Nord-S\u00fcd Verlag 2016, ISBN 978-3-314-10324-7<\/p>\n<p>Das vorliegende Bilderbuch von Paul Friester und Philippe Goosens ist das nunmehr dritte \u00fcber die kleine Eule, die gerne mal heftig und laut heult. Hatten die beiden Autoren in den beiden ersten B\u00fcchern noch die besondere Beziehung der kleinen Eule zu seiner Mutter in den Vordergrund gestellt, ist die kleine Eule nun etwas gr\u00f6\u00dfer geworden, und verbringt viel Zeit mit seinen verschiedenen Freunden im Wald.<\/p>\n<p>Und mit seinem Spielzeug, das es in Ermangelung ausgefeilter Sprachkenntnisse \u201eBumm!\u201c nennt. Bumm ist ein roter Luftballon, den sie eines Tages vorbeifliegen sieht, und dem sie zun\u00e4chst vergeblich folgt.<br \/>\nSie fragt ihre Freunde im Wald, zun\u00e4chst den Igel, dann das Eichh\u00f6rnchen, den Maulwurf und den Hirschk\u00e4fer. Alle vier versuchen, aus der unvollst\u00e4ndigen Beschreibung der kleinen Eule (nat\u00fcrlich heult sie auch mal zwischendurch) klug zu werden und ihr zu helfen.<\/p>\n<p>Erst der Rabe erinnert sich bei der Beschreibung (rund, rot, kann fliegen) an etwas, was er unterwegs gesehen hat. Und tats\u00e4chlich, auf einem Baum h\u00e4ngt der rote Luftballon. Die Eule fliegt hoch, mit dem Schnabel zuerst. Und dann wissen die anderen Tiere auch, warum das runde Ding \u201eBumm\u201c hei\u00dft.<\/p>\n<p>Wenn sie dieses sch\u00f6ne Bilderbuch kaufen und vorlesen wollen, besorgen sie am besten gleich ein T\u00fcte roter Luftballons mit. Denn es wird bald so gehen wie bei der kleinen\u00a0 Eule am Ende des Buches: \u201eNoch mal!\u201c<\/p>\n","protected":false},"excerpt":{"rendered":"<p>&nbsp; &nbsp; Paul Friester, Philippe Goossens, Heule Eule. Ich will mein Bumm, Nord-S\u00fcd Verlag 2016, ISBN 978-3-314-10324-7 Das vorliegende Bilderbuch von Paul Friester und Philippe Goosens ist das nunmehr dritte \u00fcber die kleine Eule, die gerne mal heftig und laut heult. Hatten die beiden Autoren in den beiden ersten B\u00fcchern noch die besondere Beziehung der &hellip; <a href=\"https:\/\/blog.liesdoch.de\/?p=1338\" class=\"more-link\"><span class=\"screen-reader-text\">Heule Eule. Ich will mein Bumm<\/span> weiterlesen <span class=\"meta-nav\">&rarr;<\/span><\/a><\/p>\n","protected":false},"author":6,"featured_media":0,"comment_status":"open","ping_status":"open","sticky":false,"template":"","format":"standard","meta":{"footnotes":""},"categories":[1],"tags":[33],"class_list":["post-1338","post","type-post","status-publish","format-standard","hentry","category-allgemein","tag-bilderbuch"],"_links":{"self":[{"href":"https:\/\/blog.liesdoch.de\/index.php?rest_route=\/wp\/v2\/posts\/1338","targetHints":{"allow":["GET"]}}],"collection":[{"href":"https:\/\/blog.liesdoch.de\/index.php?rest_route=\/wp\/v2\/posts"}],"about":[{"href":"https:\/\/blog.liesdoch.de\/index.php?rest_route=\/wp\/v2\/types\/post"}],"author":[{"embeddable":true,"href":"https:\/\/blog.liesdoch.de\/index.php?rest_route=\/wp\/v2\/users\/6"}],"replies":[{"embeddable":true,"href":"https:\/\/blog.liesdoch.de\/index.php?rest_route=%2Fwp%2Fv2%2Fcomments&post=1338"}],"version-history":[{"count":1,"href":"https:\/\/blog.liesdoch.de\/index.php?rest_route=\/wp\/v2\/posts\/1338\/revisions"}],"predecessor-version":[{"id":1340,"href":"https:\/\/blog.liesdoch.de\/index.php?rest_route=\/wp\/v2\/posts\/1338\/revisions\/1340"}],"wp:attachment":[{"href":"https:\/\/blog.liesdoch.de\/index.php?rest_route=%2Fwp%2Fv2%2Fmedia&parent=1338"}],"wp:term":[{"taxonomy":"category","embeddable":true,"href":"https:\/\/blog.liesdoch.de\/index.php?rest_route=%2Fwp%2Fv2%2Fcategories&post=1338"},{"taxonomy":"post_tag","embeddable":true,"href":"https:\/\/blog.liesdoch.de\/index.php?rest_route=%2Fwp%2Fv2%2Ftags&post=1338"}],"curies":[{"name":"wp","href":"https:\/\/api.w.org\/{rel}","templated":true}]}}