{"id":1362,"date":"2016-02-22T12:11:26","date_gmt":"2016-02-22T10:11:26","guid":{"rendered":"http:\/\/blog.liesdoch.de\/?p=1362"},"modified":"2016-02-22T12:11:26","modified_gmt":"2016-02-22T10:11:26","slug":"die-fremde-reformation","status":"publish","type":"post","link":"https:\/\/blog.liesdoch.de\/?p=1362","title":{"rendered":"Die fremde Reformation"},"content":{"rendered":"<p>&nbsp;<\/p>\n<p>&nbsp;<\/p>\n<p><a href=\"http:\/\/blog.liesdoch.de\/wp-content\/uploads\/2016\/02\/44065768z.jpg\"><img loading=\"lazy\" decoding=\"async\" class=\"alignnone size-medium wp-image-1363\" src=\"http:\/\/blog.liesdoch.de\/wp-content\/uploads\/2016\/02\/44065768z-195x300.jpg\" alt=\"44065768z\" width=\"195\" height=\"300\" srcset=\"https:\/\/blog.liesdoch.de\/wp-content\/uploads\/2016\/02\/44065768z-195x300.jpg 195w, https:\/\/blog.liesdoch.de\/wp-content\/uploads\/2016\/02\/44065768z.jpg 273w\" sizes=\"auto, (max-width: 195px) 100vw, 195px\" \/><\/a><\/p>\n<p>Volker Leppin, Die fremde Reformation. Luthers mystische Wurzeln, C.H. Beck 2016, ISBN 978-3-40669081-5<\/p>\n<p>Volker Leppin ist Professor f\u00fcr Kirchengeschichte in T\u00fcbingen, Mitglied der S\u00e4chsischen und der Heidelberger Akademie der Wissenschaften. Er wurde mit dem Ruprecht-Karls-Preis der Universit\u00e4t Heidelberg geehrt.<\/p>\n<p>Sein Buch ist ein verst\u00e4ndliches Pl\u00e4doyer f\u00fcr ein tieferes Verst\u00e4ndnis f\u00fcr Luther und seine Zeit. Eine Zeit des Umbruchs, vor der wir, so scheint es in den letzten Jahren dem kritischen Zeitgenossen, erneut stehen. Wendepunkte allenthalben. So k\u00f6nnte in den Monaten vor den gro\u00dfen Feierlichkeiten zum 500- j\u00e4hrigen Jubil\u00e4um der Reformation 2017 zu so etwas wie einen Spiegel werden. Obwohl er uns, nicht nur den Theologen, heute fremder scheint denn je.<\/p>\n<p>Volker Leppin beschreibt das in seinem Buch so: &#8222;Luther ist uns Heutigen fremd. Er ist nicht nur fremd in jenen Z\u00fcgen, von denen man sich ohnehin gerne l\u00f6sen will und die man gerne auf das Konto seines mittelalterlichen Erbes schreibt: in seinem unertr\u00e4glichen Judenhass, seinen Ausf\u00e4llen gegen T\u00fcrken oder den Papst. Auch die Wurzeln seines Anliegens, der Botschaft von der Rechtfertigung des S\u00fcnders, liegen f\u00fcr die Menschen des 21. Jahrhunderts fern. Sie entstammen der religi\u00f6sen Bewegung der Mystik des Mittelalters.&#8220;<\/p>\n<p>Leppins Hauptthese in seinem Buch ist, dass die meisten Gedanken Luther nicht wirklich neu waren. Luther und sein ganzes Denken waren tief m mittelalterlichen Denken verwurzelt, der Mystik einer tiefen Fr\u00f6mmigkeit. Die Mystik suchte Antworten auf die Angst vor dem Tod. Wird die Seele aufgrund ihrer S\u00fcnden zu ewiger Qual verdammt sein? Ein Mittel gegen diese Angst waren die Ablassbriefe. Sie versprachen gegen Geld einen Nachlass der S\u00fcndenstrafen. Doch Luther gen\u00fcgte ein Ablassbrief nicht. Einen Ausweg fand er in der individuellen Erfahrung der Liebe von und zu Gott. Leppin zitiert Luther: &#8220; \u2026 dass wahre Bu\u00dfe allein mit der Liebe zur Gerechtigkeit und zu Gott beginne \u2026 Denn dann werden die Gebote Gottes s\u00fc\u00df, wenn wir erkennen, dass sie nicht blo\u00df in B\u00fcchern, sondern in den Wunden des allers\u00fc\u00dfesten Heilands gelesen werden m\u00fcssen.&#8220;<\/p>\n<p>Auch durch die neuen Drucktechniken erfuhren immer mehr Menschen von Luthers Gedanken, von den Unterschieden im Denken und F\u00fchlen. Und da es um das Heil der Seele ging, gab es kein Pardon. Die gelehrte und akademische Diskussion gewann eine Eigendynamik &#8211; die mystischen Ideen wurden in Machtanspr\u00fcche verwandelt, sie verloren ihren tiefen Zauber und wurden manchmal zu Argumenten f\u00fcr Mord und Totschlag. Parallelen zur heutigen Zeit sind nicht \u00fcbersehbar.<\/p>\n<p>Es ist zu hoffen, dass Leppins Hinweise auf Luthers mystische Wurzeln nicht nur bei den Theologen im Vorfeld der Feierlichkeiten, Reden und Predigten zum Reformationsgedenken auf kritischen Boden fallen.<\/p>\n<p>&nbsp;<\/p>\n<p>&nbsp;<\/p>\n<p>&nbsp;<\/p>\n<p>&nbsp;<\/p>\n<p>&nbsp;<\/p>\n<p>&nbsp;<\/p>\n<p>&nbsp;<\/p>\n","protected":false},"excerpt":{"rendered":"<p>&nbsp; &nbsp; Volker Leppin, Die fremde Reformation. Luthers mystische Wurzeln, C.H. Beck 2016, ISBN 978-3-40669081-5 Volker Leppin ist Professor f\u00fcr Kirchengeschichte in T\u00fcbingen, Mitglied der S\u00e4chsischen und der Heidelberger Akademie der Wissenschaften. Er wurde mit dem Ruprecht-Karls-Preis der Universit\u00e4t Heidelberg geehrt. Sein Buch ist ein verst\u00e4ndliches Pl\u00e4doyer f\u00fcr ein tieferes Verst\u00e4ndnis f\u00fcr Luther und seine &hellip; <a href=\"https:\/\/blog.liesdoch.de\/?p=1362\" class=\"more-link\"><span class=\"screen-reader-text\">Die fremde Reformation<\/span> weiterlesen <span class=\"meta-nav\">&rarr;<\/span><\/a><\/p>\n","protected":false},"author":6,"featured_media":0,"comment_status":"open","ping_status":"open","sticky":false,"template":"","format":"standard","meta":{"footnotes":""},"categories":[1],"tags":[135,375,134],"class_list":["post-1362","post","type-post","status-publish","format-standard","hentry","category-allgemein","tag-martin-luther","tag-mystik","tag-reformation"],"_links":{"self":[{"href":"https:\/\/blog.liesdoch.de\/index.php?rest_route=\/wp\/v2\/posts\/1362","targetHints":{"allow":["GET"]}}],"collection":[{"href":"https:\/\/blog.liesdoch.de\/index.php?rest_route=\/wp\/v2\/posts"}],"about":[{"href":"https:\/\/blog.liesdoch.de\/index.php?rest_route=\/wp\/v2\/types\/post"}],"author":[{"embeddable":true,"href":"https:\/\/blog.liesdoch.de\/index.php?rest_route=\/wp\/v2\/users\/6"}],"replies":[{"embeddable":true,"href":"https:\/\/blog.liesdoch.de\/index.php?rest_route=%2Fwp%2Fv2%2Fcomments&post=1362"}],"version-history":[{"count":1,"href":"https:\/\/blog.liesdoch.de\/index.php?rest_route=\/wp\/v2\/posts\/1362\/revisions"}],"predecessor-version":[{"id":1364,"href":"https:\/\/blog.liesdoch.de\/index.php?rest_route=\/wp\/v2\/posts\/1362\/revisions\/1364"}],"wp:attachment":[{"href":"https:\/\/blog.liesdoch.de\/index.php?rest_route=%2Fwp%2Fv2%2Fmedia&parent=1362"}],"wp:term":[{"taxonomy":"category","embeddable":true,"href":"https:\/\/blog.liesdoch.de\/index.php?rest_route=%2Fwp%2Fv2%2Fcategories&post=1362"},{"taxonomy":"post_tag","embeddable":true,"href":"https:\/\/blog.liesdoch.de\/index.php?rest_route=%2Fwp%2Fv2%2Ftags&post=1362"}],"curies":[{"name":"wp","href":"https:\/\/api.w.org\/{rel}","templated":true}]}}