{"id":1369,"date":"2016-02-23T11:26:51","date_gmt":"2016-02-23T09:26:51","guid":{"rendered":"http:\/\/blog.liesdoch.de\/?p=1369"},"modified":"2016-02-23T11:26:51","modified_gmt":"2016-02-23T09:26:51","slug":"keiner-gruselt-sich-vor-gustav","status":"publish","type":"post","link":"https:\/\/blog.liesdoch.de\/?p=1369","title":{"rendered":"Keiner gruselt sich vor Gustav"},"content":{"rendered":"<p>&nbsp;<\/p>\n<p>&nbsp;<\/p>\n<p><a href=\"http:\/\/blog.liesdoch.de\/wp-content\/uploads\/2016\/02\/42777758z.jpg\"><img loading=\"lazy\" decoding=\"async\" class=\"alignnone size-medium wp-image-1370\" src=\"http:\/\/blog.liesdoch.de\/wp-content\/uploads\/2016\/02\/42777758z-217x300.jpg\" alt=\"42777758z\" width=\"217\" height=\"300\" srcset=\"https:\/\/blog.liesdoch.de\/wp-content\/uploads\/2016\/02\/42777758z-217x300.jpg 217w, https:\/\/blog.liesdoch.de\/wp-content\/uploads\/2016\/02\/42777758z.jpg 305w\" sizes=\"auto, (max-width: 217px) 100vw, 217px\" \/><\/a><\/p>\n<p>&nbsp;<\/p>\n<p>Guido van Genechten, Keiner gruselt sich vor Gustav, Annette Betz 2015, ISBN 978-3-219-11657-1<\/p>\n<p>&nbsp;<\/p>\n<p>Schon bei seiner Geburt war Gustav anders. Nicht wie die anderen Gespenster seiner gro\u00dfen Familie, wei\u00df, sondern rosa kam er auf die Welt. Seine Eltern sind dennoch sehr stolz auf ihn, und geben ihm den Namen Gustav, weil der so gut zu einem besonderen Gespenst passt.<\/p>\n<p>Als Gustav in die Gespensterschule kommt, macht er gerne bei vielen Sachen mit den anderen kleinen Gespenstern mit. Er liebt den Schwebe-Unterricht und die Geistergeschichtsstunden. Doch den Direktor bringt er zur Wei\u00dfglut, denn statt eines richtigen Geisterrufs kommt bei Gustav nur ein unsicheres \u201eBahu!\u201c heraus.<\/p>\n<p>Die anderen Geistersch\u00fcler lachen ihn aus und der strenge Direktor schickt Gustav in den Verlassenen Turm. Dort soll er bleiben, bis er richtig spuken kann. Da schweigen auch die anderen Geistersch\u00fcler betroffen.<\/p>\n<p>Im Verlassenen Turm lernt Gustav Miau kennen, eine kleine schwarze Katze, und miteinander machen sie den Turm zu einem wohnlichen Ort, in dem sie sich pudelwohl f\u00fchlen und dicke Freunde werden.<\/p>\n<p>Die anderen haben mittlerweile alle das Spuken gelernt, doch sie kommen gerne in den Verlassenen Turm und genie\u00dfen die gem\u00fctliche Gastfreundschaft der beiden Au\u00dfenseiter.<\/p>\n<p>Ein sch\u00f6nes, von Meike Blatnik aus den Niederl\u00e4ndischen ins Deutsche \u00fcbertragenes Bilderbuch \u00fcber das Anderssein, und wie sch\u00f6n es ist, so zu bleiben wie man ist.<\/p>\n<p>&nbsp;<\/p>\n<p>&nbsp;<\/p>\n<p>&nbsp;<\/p>\n<p>&nbsp;<\/p>\n<p>&nbsp;<\/p>\n<p>&nbsp;<\/p>\n","protected":false},"excerpt":{"rendered":"<p>&nbsp; &nbsp; &nbsp; Guido van Genechten, Keiner gruselt sich vor Gustav, Annette Betz 2015, ISBN 978-3-219-11657-1 &nbsp; Schon bei seiner Geburt war Gustav anders. Nicht wie die anderen Gespenster seiner gro\u00dfen Familie, wei\u00df, sondern rosa kam er auf die Welt. Seine Eltern sind dennoch sehr stolz auf ihn, und geben ihm den Namen Gustav, weil &hellip; <a href=\"https:\/\/blog.liesdoch.de\/?p=1369\" class=\"more-link\"><span class=\"screen-reader-text\">Keiner gruselt sich vor Gustav<\/span> weiterlesen <span class=\"meta-nav\">&rarr;<\/span><\/a><\/p>\n","protected":false},"author":6,"featured_media":0,"comment_status":"open","ping_status":"open","sticky":false,"template":"","format":"standard","meta":{"footnotes":""},"categories":[1],"tags":[376,33],"class_list":["post-1369","post","type-post","status-publish","format-standard","hentry","category-allgemein","tag-anders-sein","tag-bilderbuch"],"_links":{"self":[{"href":"https:\/\/blog.liesdoch.de\/index.php?rest_route=\/wp\/v2\/posts\/1369","targetHints":{"allow":["GET"]}}],"collection":[{"href":"https:\/\/blog.liesdoch.de\/index.php?rest_route=\/wp\/v2\/posts"}],"about":[{"href":"https:\/\/blog.liesdoch.de\/index.php?rest_route=\/wp\/v2\/types\/post"}],"author":[{"embeddable":true,"href":"https:\/\/blog.liesdoch.de\/index.php?rest_route=\/wp\/v2\/users\/6"}],"replies":[{"embeddable":true,"href":"https:\/\/blog.liesdoch.de\/index.php?rest_route=%2Fwp%2Fv2%2Fcomments&post=1369"}],"version-history":[{"count":1,"href":"https:\/\/blog.liesdoch.de\/index.php?rest_route=\/wp\/v2\/posts\/1369\/revisions"}],"predecessor-version":[{"id":1371,"href":"https:\/\/blog.liesdoch.de\/index.php?rest_route=\/wp\/v2\/posts\/1369\/revisions\/1371"}],"wp:attachment":[{"href":"https:\/\/blog.liesdoch.de\/index.php?rest_route=%2Fwp%2Fv2%2Fmedia&parent=1369"}],"wp:term":[{"taxonomy":"category","embeddable":true,"href":"https:\/\/blog.liesdoch.de\/index.php?rest_route=%2Fwp%2Fv2%2Fcategories&post=1369"},{"taxonomy":"post_tag","embeddable":true,"href":"https:\/\/blog.liesdoch.de\/index.php?rest_route=%2Fwp%2Fv2%2Ftags&post=1369"}],"curies":[{"name":"wp","href":"https:\/\/api.w.org\/{rel}","templated":true}]}}