{"id":1377,"date":"2016-02-29T12:09:09","date_gmt":"2016-02-29T10:09:09","guid":{"rendered":"http:\/\/blog.liesdoch.de\/?p=1377"},"modified":"2016-02-29T12:09:09","modified_gmt":"2016-02-29T10:09:09","slug":"nonna-annas-tagebuch","status":"publish","type":"post","link":"https:\/\/blog.liesdoch.de\/?p=1377","title":{"rendered":"Nonna Annas Tagebuch"},"content":{"rendered":"<p>&nbsp;<\/p>\n<p><a href=\"http:\/\/blog.liesdoch.de\/wp-content\/uploads\/2016\/02\/40514286z.jpg\"><img loading=\"lazy\" decoding=\"async\" class=\"alignnone size-medium wp-image-1378\" src=\"http:\/\/blog.liesdoch.de\/wp-content\/uploads\/2016\/02\/40514286z-300x300.jpg\" alt=\"40514286z\" width=\"300\" height=\"300\" srcset=\"https:\/\/blog.liesdoch.de\/wp-content\/uploads\/2016\/02\/40514286z-300x300.jpg 300w, https:\/\/blog.liesdoch.de\/wp-content\/uploads\/2016\/02\/40514286z-150x150.jpg 150w, https:\/\/blog.liesdoch.de\/wp-content\/uploads\/2016\/02\/40514286z.jpg 475w\" sizes=\"auto, (max-width: 300px) 100vw, 300px\" \/><\/a><\/p>\n<p>&nbsp;<\/p>\n<p>Bianca Mattern, Nonna Annas Tagebuch, Verlag Modernes Lernen 2014, ISBN 978-3-8080-0737-2<\/p>\n<p>Dieses Buch ist als ein Tagebuch konzipiert ist, und \u00fcberzeugt durch seine au\u00dfergew\u00f6hnliche Art, sich dem Thema Demenz zu stellen, Es zeigt, wie die Lebensqualit\u00e4t trotz der Krankheit erhalten werden kann bzw. wie man mit Demenz umgehen kann.<\/p>\n<p>Das Tagebuch beschreibt das Leben und die Tage der NONNA ANNA, einer in Rom geborenen und in Italien auf Elba lebenden Frau. Mit Humor, Klarheit und alltagsgew\u00f6hnlichen Erkl\u00e4rungen werden die Leser an das ernste Thema herangef\u00fchrt, ohne dass es aber l\u00e4cherlich gemacht wird. Vielmehr erf\u00e4hrt man die Vielfalt und Differenziertheit des Themas. Ziel ist, dass man sich empathischer auf demenziell erkrankte Menschen einstellen kann.<\/p>\n<p>Die 13 Kapitel gehen zun\u00e4chst auf die Biographie von NONNA ANNA ein und beschreiben notwendige Rituale, ehe auf die Demenz als Krankheit eingegangen wird und die Chancen f\u00fcr ein weiteres selbst\u00e4ndiges Leben dargelegt werden.<\/p>\n<p>Danach wird das p\u00e4dagogische Betreuungs- und Besch\u00e4ftigungskonzept f\u00fcr demenziell ver\u00e4nderte Menschen und Hochaltrige mit Hilfe dieser speziellen Tagebuchform beschrieben &#8211; und zwar nicht nur mit Zielen, sondern verkn\u00fcpft mit einer Vielzahl an Fotos und Illustrationen. Damit ergibt sich eine gewisse &#8222;Leichtigkeit&#8220; bei der Besch\u00e4ftigung mit dem Thema Demenz.<br \/>\nDas gesamte Konzept NONNA ANNA ist ausgesprochen \u00fcberzeugend und wird im Anhang gut erg\u00e4nzt durch Informationen \u00fcber Umsetzungsm\u00f6glichkeiten. Die Autorin Bianca Mattern ist selbst seit bald 20 Jahren im Hochaltrigenbereich t\u00e4tig und verf\u00fcgt \u00fcber Ausbildungen in Montessorip\u00e4dagogik und -therapie.<\/p>\n<p>Gerade f\u00fcr altenpflegerische Fach- und Erg\u00e4nzungskr\u00e4fte ein ausgesprochen wegweisendes Buch, aber auch f\u00fcr Angeh\u00f6rige eine gute Verst\u00e4ndnishilfe.<\/p>\n","protected":false},"excerpt":{"rendered":"<p>&nbsp; &nbsp; Bianca Mattern, Nonna Annas Tagebuch, Verlag Modernes Lernen 2014, ISBN 978-3-8080-0737-2 Dieses Buch ist als ein Tagebuch konzipiert ist, und \u00fcberzeugt durch seine au\u00dfergew\u00f6hnliche Art, sich dem Thema Demenz zu stellen, Es zeigt, wie die Lebensqualit\u00e4t trotz der Krankheit erhalten werden kann bzw. wie man mit Demenz umgehen kann. Das Tagebuch beschreibt das &hellip; <a href=\"https:\/\/blog.liesdoch.de\/?p=1377\" class=\"more-link\"><span class=\"screen-reader-text\">Nonna Annas Tagebuch<\/span> weiterlesen <span class=\"meta-nav\">&rarr;<\/span><\/a><\/p>\n","protected":false},"author":6,"featured_media":0,"comment_status":"open","ping_status":"open","sticky":false,"template":"","format":"standard","meta":{"footnotes":""},"categories":[1],"tags":[177],"class_list":["post-1377","post","type-post","status-publish","format-standard","hentry","category-allgemein","tag-demenz"],"_links":{"self":[{"href":"https:\/\/blog.liesdoch.de\/index.php?rest_route=\/wp\/v2\/posts\/1377","targetHints":{"allow":["GET"]}}],"collection":[{"href":"https:\/\/blog.liesdoch.de\/index.php?rest_route=\/wp\/v2\/posts"}],"about":[{"href":"https:\/\/blog.liesdoch.de\/index.php?rest_route=\/wp\/v2\/types\/post"}],"author":[{"embeddable":true,"href":"https:\/\/blog.liesdoch.de\/index.php?rest_route=\/wp\/v2\/users\/6"}],"replies":[{"embeddable":true,"href":"https:\/\/blog.liesdoch.de\/index.php?rest_route=%2Fwp%2Fv2%2Fcomments&post=1377"}],"version-history":[{"count":1,"href":"https:\/\/blog.liesdoch.de\/index.php?rest_route=\/wp\/v2\/posts\/1377\/revisions"}],"predecessor-version":[{"id":1379,"href":"https:\/\/blog.liesdoch.de\/index.php?rest_route=\/wp\/v2\/posts\/1377\/revisions\/1379"}],"wp:attachment":[{"href":"https:\/\/blog.liesdoch.de\/index.php?rest_route=%2Fwp%2Fv2%2Fmedia&parent=1377"}],"wp:term":[{"taxonomy":"category","embeddable":true,"href":"https:\/\/blog.liesdoch.de\/index.php?rest_route=%2Fwp%2Fv2%2Fcategories&post=1377"},{"taxonomy":"post_tag","embeddable":true,"href":"https:\/\/blog.liesdoch.de\/index.php?rest_route=%2Fwp%2Fv2%2Ftags&post=1377"}],"curies":[{"name":"wp","href":"https:\/\/api.w.org\/{rel}","templated":true}]}}