{"id":1381,"date":"2016-02-29T13:53:12","date_gmt":"2016-02-29T11:53:12","guid":{"rendered":"http:\/\/blog.liesdoch.de\/?p=1381"},"modified":"2016-02-29T13:53:12","modified_gmt":"2016-02-29T11:53:12","slug":"iron-curtain-trail","status":"publish","type":"post","link":"https:\/\/blog.liesdoch.de\/?p=1381","title":{"rendered":"Iron Curtain Trail"},"content":{"rendered":"<p>&nbsp;<\/p>\n<p>&nbsp;<\/p>\n<p><a href=\"http:\/\/blog.liesdoch.de\/wp-content\/uploads\/2016\/02\/44226948z.jpg\"><img loading=\"lazy\" decoding=\"async\" class=\"alignnone size-medium wp-image-1382\" src=\"http:\/\/blog.liesdoch.de\/wp-content\/uploads\/2016\/02\/44226948z-199x300.jpg\" alt=\"44226948z\" width=\"199\" height=\"300\" srcset=\"https:\/\/blog.liesdoch.de\/wp-content\/uploads\/2016\/02\/44226948z-199x300.jpg 199w, https:\/\/blog.liesdoch.de\/wp-content\/uploads\/2016\/02\/44226948z.jpg 316w\" sizes=\"auto, (max-width: 199px) 100vw, 199px\" \/><\/a><\/p>\n<p>&nbsp;<\/p>\n<p>Joachim Franz, Matthias Huthmacher, Iron Curtain Trail. Mit dem E-Bike von Norwegen bis zum Schwarzen Meer, Delius Klasing 2016, ISBN 978-3-667-10450-2<\/p>\n<p>&nbsp;<\/p>\n<p>Der Eiserne Vorhang teilte Europa f\u00fcr nahezu ein halbes Jahrhundert von der Barentssee bis zum Schwarzen Meer in Ost und West. Entlang des ehemaligen Grenzstreifens entstand auf Initiative des Europa-Abgeordneten Michael Cramer an der Westgrenze der ehemaligen Warschauer Pakt-Staaten der ca. 10.000 km lange Europa-Radweg Eiserner Vorhang (<em>Iron Curtain Trail<\/em>), der europ\u00e4ische Geschichte, Politik, Natur und Kultur erlebbar macht.<\/p>\n<p>Entlang des ehemaligen Grenzstreifens wurde auf circa 10.000 km ein Radweg geschaffen, der europ\u00e4ische Geschichte mit nachhaltigen Tourismus verbindet und so einen Beitrag zum Zusammenwachsen Europas leistet. Bereits im Jahr 2005 hat das Europ\u00e4ische Parlament auf Initiative des Berliner Europa-Abgeordneten Michael Cramer mit gro\u00dfer Mehrheit beschlossen, den <em>Iron Curtain Trail<\/em> als beispielhaftes europ\u00e4isches Projekt f\u00fcr nachhaltigen Tourismus zu unterst\u00fctzen.<\/p>\n<p>&nbsp;<\/p>\n<p>Mittlerweile gibt es daf\u00fcr zahlreiche GPS-Programme und auch zahlreiche Reiseveranstalter laden zu organisierten Fahrten auf dieser Strecke ein. Einen Vorgeschmack daf\u00fcr kann man sich mit dem bei Delius Klasing erschienenen Buch holen, in dem Joachim Franz und Matthias Huthmacher ihre insgesamt vierw\u00f6chige Tour auf dem Iron Curtain Trail in Wort und Bild dokumentieren.<\/p>\n<p>&nbsp;<\/p>\n<p>Bei Tagesstrecken von mehr als 300 Kilometern (sie haben auch lange und ausgiebig vorher trainiert) und mit entsprechender Unterst\u00fctzung durch Begleitfahrzuge k\u00f6nnen sie nicht nur zeigen, zu welchen Leistungen moderne E-Bikes mittlerweile bei entsprechender unterst\u00fctzender Technik in der Lage sind, sondern ihr Buch und seine begeisterten Beschreibungen sind auch ein Hohelied der Freiheit der Grenzen im Europa nach 1989.<\/p>\n<p>&nbsp;<\/p>\n<p>Martin Schulz, der Pr\u00e4sident des Europ\u00e4ischen Parlaments hat am 24.M\u00e4rz 2014 zu diesem Buch und Projekt ein Vorwort geschrieben, als er und andere noch nicht ahnen konnten und wohl auch niemals f\u00fcr m\u00f6glich hielten, dass nur zwei Jahre sp\u00e4ter in Europa wieder Grenzz\u00e4une errichtet werden, um Menschen an der freien Fortbewegung zu hindern. Ob Martin Schulz in diesen Tagen an sein Vorwort denkt?<\/p>\n<p>&nbsp;<\/p>\n<p>Das Buch ist nicht nur f\u00fcr Freunde des Fahrradsports eine interessante Lekt\u00fcre, sondern auch eine Hommage an ein friedliches Europa, das in diesen Zeiten zu vergessen droht, aus welcher Geschichte es kommt und welchen Entwicklungen es seine Freiheit zu verdanken hat. Dass das Vergessen gerade in jenen L\u00e4ndern besonders gro\u00df ist, die unter der Unfreiheit am meisten zu leiden hatten, macht nachdenklich und ist schwer zu verstehen.<\/p>\n<p>&nbsp;<\/p>\n<p>&nbsp;<\/p>\n<p>&nbsp;<\/p>\n","protected":false},"excerpt":{"rendered":"<p>&nbsp; &nbsp; &nbsp; Joachim Franz, Matthias Huthmacher, Iron Curtain Trail. Mit dem E-Bike von Norwegen bis zum Schwarzen Meer, Delius Klasing 2016, ISBN 978-3-667-10450-2 &nbsp; Der Eiserne Vorhang teilte Europa f\u00fcr nahezu ein halbes Jahrhundert von der Barentssee bis zum Schwarzen Meer in Ost und West. Entlang des ehemaligen Grenzstreifens entstand auf Initiative des Europa-Abgeordneten &hellip; <a href=\"https:\/\/blog.liesdoch.de\/?p=1381\" class=\"more-link\"><span class=\"screen-reader-text\">Iron Curtain Trail<\/span> weiterlesen <span class=\"meta-nav\">&rarr;<\/span><\/a><\/p>\n","protected":false},"author":6,"featured_media":0,"comment_status":"open","ping_status":"open","sticky":false,"template":"","format":"standard","meta":{"footnotes":""},"categories":[1],"tags":[378],"class_list":["post-1381","post","type-post","status-publish","format-standard","hentry","category-allgemein","tag-radsport"],"_links":{"self":[{"href":"https:\/\/blog.liesdoch.de\/index.php?rest_route=\/wp\/v2\/posts\/1381","targetHints":{"allow":["GET"]}}],"collection":[{"href":"https:\/\/blog.liesdoch.de\/index.php?rest_route=\/wp\/v2\/posts"}],"about":[{"href":"https:\/\/blog.liesdoch.de\/index.php?rest_route=\/wp\/v2\/types\/post"}],"author":[{"embeddable":true,"href":"https:\/\/blog.liesdoch.de\/index.php?rest_route=\/wp\/v2\/users\/6"}],"replies":[{"embeddable":true,"href":"https:\/\/blog.liesdoch.de\/index.php?rest_route=%2Fwp%2Fv2%2Fcomments&post=1381"}],"version-history":[{"count":1,"href":"https:\/\/blog.liesdoch.de\/index.php?rest_route=\/wp\/v2\/posts\/1381\/revisions"}],"predecessor-version":[{"id":1383,"href":"https:\/\/blog.liesdoch.de\/index.php?rest_route=\/wp\/v2\/posts\/1381\/revisions\/1383"}],"wp:attachment":[{"href":"https:\/\/blog.liesdoch.de\/index.php?rest_route=%2Fwp%2Fv2%2Fmedia&parent=1381"}],"wp:term":[{"taxonomy":"category","embeddable":true,"href":"https:\/\/blog.liesdoch.de\/index.php?rest_route=%2Fwp%2Fv2%2Fcategories&post=1381"},{"taxonomy":"post_tag","embeddable":true,"href":"https:\/\/blog.liesdoch.de\/index.php?rest_route=%2Fwp%2Fv2%2Ftags&post=1381"}],"curies":[{"name":"wp","href":"https:\/\/api.w.org\/{rel}","templated":true}]}}