{"id":1393,"date":"2016-03-01T11:35:33","date_gmt":"2016-03-01T09:35:33","guid":{"rendered":"http:\/\/blog.liesdoch.de\/?p=1393"},"modified":"2016-03-01T11:35:33","modified_gmt":"2016-03-01T09:35:33","slug":"badetag-fuer-hasenkind","status":"publish","type":"post","link":"https:\/\/blog.liesdoch.de\/?p=1393","title":{"rendered":"Badetag f\u00fcr Hasenkind"},"content":{"rendered":"<p>&nbsp;<\/p>\n<p>&nbsp;<\/p>\n<p><a href=\"http:\/\/blog.liesdoch.de\/wp-content\/uploads\/2016\/03\/44188152z.jpg\"><img loading=\"lazy\" decoding=\"async\" class=\"alignnone size-medium wp-image-1394\" src=\"http:\/\/blog.liesdoch.de\/wp-content\/uploads\/2016\/03\/44188152z-300x300.jpg\" alt=\"44188152z\" width=\"300\" height=\"300\" srcset=\"https:\/\/blog.liesdoch.de\/wp-content\/uploads\/2016\/03\/44188152z-300x300.jpg 300w, https:\/\/blog.liesdoch.de\/wp-content\/uploads\/2016\/03\/44188152z-150x150.jpg 150w, https:\/\/blog.liesdoch.de\/wp-content\/uploads\/2016\/03\/44188152z.jpg 475w\" sizes=\"auto, (max-width: 300px) 100vw, 300px\" \/><\/a><\/p>\n<p>&nbsp;<\/p>\n<p>J\u00f6rg M\u00fchle, Badetag f\u00fcr Hasenkind, Moritz Verlag 2016, ISBN 978-3-89565-315-5<\/p>\n<p>&nbsp;<\/p>\n<p>Im vergangenen Jahr hat der Kinderbuchautor J\u00f6rg M\u00fchle im Moritz Verlag ein sehr erfolgreiches und originelles Bilder- und Einschlafbuch f\u00fcr Kinder ab etwa zwei Jahren vorgelegt. Ein kleines sympathisches Hasenkind muss ins Bett und die Kinder sind eingeladen durch Ber\u00fchrungen und eigene Aktivit\u00e4ten sich das Buch anzueignen. Da muss der Schlafanzug angezogen werden, das Kissen wird zurecht geklopft. Und dann \u2013 wunderbar: noch kurz die Ohren kraulen und ganz sanft den R\u00fccken streicheln.<\/p>\n<p>Das Hasenkind zudecken und ihm einen Gute-Nacht-Kuss geben und nicht vergessen: das Licht ausschalten.<\/p>\n<p>Es war wohl der gro\u00dfe Erfolg und vielleicht auch die Freude an weiteren Geschichten mit seinem Hasenkind, die J\u00f6rg M\u00fchle bewegte, einen Nachfolgeband zu zeichnen, in dem das Hasenkind gebadet wird. Und wieder sind die das Buch betrachtenden Kinder eingeladen, das Hasenkind bei der ganzen Prozedur, die sie ja selbst allzu gut kennen, zu begleiten. Sie sollen ihm das Shampoo auf den Kopf machen, dann den Schaum vom Kopf abbrausen und die entsprechenden Ger\u00e4usche dazu machen, ihm dann die Nase abtupfen, es trocken rubbeln, nachdem es aus der Wanne herausgeklettert ist und zum guten Ende, weil der F\u00f6n defekt ist, es trocken pusten.<\/p>\n<p>Und bitte nicht am Ende die Creme vergessen f\u00fcr das zarte Gesicht. Ein Buch, das \u00e4hnlich wie das erste ein Einschlafritual, nunmehr ein hilfreiches Baderitual begr\u00fcnden kann. Kinder und Eltern werden es sch\u00e4tzen und lieben.<\/p>\n<p>&nbsp;<\/p>\n<p>&nbsp;<\/p>\n","protected":false},"excerpt":{"rendered":"<p>&nbsp; &nbsp; &nbsp; J\u00f6rg M\u00fchle, Badetag f\u00fcr Hasenkind, Moritz Verlag 2016, ISBN 978-3-89565-315-5 &nbsp; Im vergangenen Jahr hat der Kinderbuchautor J\u00f6rg M\u00fchle im Moritz Verlag ein sehr erfolgreiches und originelles Bilder- und Einschlafbuch f\u00fcr Kinder ab etwa zwei Jahren vorgelegt. Ein kleines sympathisches Hasenkind muss ins Bett und die Kinder sind eingeladen durch Ber\u00fchrungen und &hellip; <a href=\"https:\/\/blog.liesdoch.de\/?p=1393\" class=\"more-link\"><span class=\"screen-reader-text\">Badetag f\u00fcr Hasenkind<\/span> weiterlesen <span class=\"meta-nav\">&rarr;<\/span><\/a><\/p>\n","protected":false},"author":6,"featured_media":0,"comment_status":"open","ping_status":"open","sticky":false,"template":"","format":"standard","meta":{"footnotes":""},"categories":[1],"tags":[33],"class_list":["post-1393","post","type-post","status-publish","format-standard","hentry","category-allgemein","tag-bilderbuch"],"_links":{"self":[{"href":"https:\/\/blog.liesdoch.de\/index.php?rest_route=\/wp\/v2\/posts\/1393","targetHints":{"allow":["GET"]}}],"collection":[{"href":"https:\/\/blog.liesdoch.de\/index.php?rest_route=\/wp\/v2\/posts"}],"about":[{"href":"https:\/\/blog.liesdoch.de\/index.php?rest_route=\/wp\/v2\/types\/post"}],"author":[{"embeddable":true,"href":"https:\/\/blog.liesdoch.de\/index.php?rest_route=\/wp\/v2\/users\/6"}],"replies":[{"embeddable":true,"href":"https:\/\/blog.liesdoch.de\/index.php?rest_route=%2Fwp%2Fv2%2Fcomments&post=1393"}],"version-history":[{"count":1,"href":"https:\/\/blog.liesdoch.de\/index.php?rest_route=\/wp\/v2\/posts\/1393\/revisions"}],"predecessor-version":[{"id":1395,"href":"https:\/\/blog.liesdoch.de\/index.php?rest_route=\/wp\/v2\/posts\/1393\/revisions\/1395"}],"wp:attachment":[{"href":"https:\/\/blog.liesdoch.de\/index.php?rest_route=%2Fwp%2Fv2%2Fmedia&parent=1393"}],"wp:term":[{"taxonomy":"category","embeddable":true,"href":"https:\/\/blog.liesdoch.de\/index.php?rest_route=%2Fwp%2Fv2%2Fcategories&post=1393"},{"taxonomy":"post_tag","embeddable":true,"href":"https:\/\/blog.liesdoch.de\/index.php?rest_route=%2Fwp%2Fv2%2Ftags&post=1393"}],"curies":[{"name":"wp","href":"https:\/\/api.w.org\/{rel}","templated":true}]}}