{"id":14,"date":"2014-03-17T00:20:57","date_gmt":"2014-03-16T22:20:57","guid":{"rendered":"http:\/\/blog.liesdoch.de\/?p=14"},"modified":"2014-03-17T00:20:57","modified_gmt":"2014-03-16T22:20:57","slug":"messe-nachlese","status":"publish","type":"post","link":"https:\/\/blog.liesdoch.de\/?p=14","title":{"rendered":"Messe-Nachlese"},"content":{"rendered":"<p>Die Schweiz pr\u00e4sentierte sich auf der Leipziger Messe mit roten Leseb\u00e4nken, allein das sattgr\u00fcne Gras und die Berge fehlten. Der Schweizer Martin Suter fehlt nicht. Er las aus seinem neuen Buch\u00a0\u201eAllmen und die verschwundene Maria\u201c, das wie die meisten seiner B\u00fccher beim Z\u00fcricher Diogenes Verlag erschienen ist.<\/p>\n<p>Die begrenzte Zeit auf der Messe erlaubte mir nicht, l\u00e4nger bei der Lesung zu verweilen, daher m\u00f6chte ich allen Sinnlichen unter euch das letzte Buch, was ich von ihm verschlungen habe, ans Herz legen: &#8222;Der Koch&#8220;. Herz und Bauch trifft es wohl eher.<\/p>\n<p>Der tamilische Asylant Marvan, ein begnadeter Koch, arbeitet als Tellerw\u00e4scher mit Andrea, der attraktiven Servicekraft, in einem Nobelrestaurant. Als er gek\u00fcndigt wird, gr\u00fcndet die Schweizerin Andrea mit ihm einen Catering-Service f\u00fcr Love-Food. Das (erfolgreich getestete) aphrodisierend wirkende Love-Food-Men\u00fc verhilft Paaren, nach dem Men\u00fc gen\u00fcsslichen Sex zu haben. \u00a0Andrea organisiert diskret die Abende, Marvan kocht \u2013 im Hause der High Society. Das spricht sich schnell herum, und bald buchen Gesch\u00e4ftsm\u00e4nner\u00a0das Team f\u00fcr ihre Treffen mit ihren Geliebten. Marvans moralische Haltung und seine Skrupel gegen\u00fcber der Politik und Hochfinanz kommen dem gemeinsamen Business in die Quere &#8230;<\/p>\n<p>Die gute Mischung aus \u2013 salopp gesagt \u2013 Sex and Crime l\u00e4sst einen das Buch nicht aus der Hand legen. Crime ist hierbei allerdings die (wahrscheinlich) reale, unbequeme Welt, \u00fcber die wir oftmals nicht so genau Bescheid wissen (wollen).<\/p>\n<p>Also: ab auf die Bank (ok, oder aufs Sofa) und lesen!<\/p>\n<p>PS:<\/p>\n<p>Ich habe \u00a0meine sch\u00f6nsten Urlaube in Sri Lanka und in der Schweiz verbracht, koche f\u00fcrs Leben gern indisch, esse auch mal R\u00f6sti und trinke ein Gl\u00e4schen Thurgauer dazu.<\/p>\n<div><\/div>\n","protected":false},"excerpt":{"rendered":"<p>Die Schweiz pr\u00e4sentierte sich auf der Leipziger Messe mit roten Leseb\u00e4nken, allein das sattgr\u00fcne Gras und die Berge fehlten. Der Schweizer Martin Suter fehlt nicht. Er las aus seinem neuen Buch\u00a0\u201eAllmen und die verschwundene Maria\u201c, das wie die meisten seiner B\u00fccher beim Z\u00fcricher Diogenes Verlag erschienen ist. Die begrenzte Zeit auf der Messe erlaubte mir &hellip; <a href=\"https:\/\/blog.liesdoch.de\/?p=14\" class=\"more-link\"><span class=\"screen-reader-text\">Messe-Nachlese<\/span> weiterlesen <span class=\"meta-nav\">&rarr;<\/span><\/a><\/p>\n","protected":false},"author":3,"featured_media":0,"comment_status":"open","ping_status":"open","sticky":false,"template":"","format":"standard","meta":{"footnotes":""},"categories":[1],"tags":[2,3,8],"class_list":["post-14","post","type-post","status-publish","format-standard","hentry","category-allgemein","tag-buchmesse","tag-leipzig","tag-leipziger-buchmesse"],"_links":{"self":[{"href":"https:\/\/blog.liesdoch.de\/index.php?rest_route=\/wp\/v2\/posts\/14","targetHints":{"allow":["GET"]}}],"collection":[{"href":"https:\/\/blog.liesdoch.de\/index.php?rest_route=\/wp\/v2\/posts"}],"about":[{"href":"https:\/\/blog.liesdoch.de\/index.php?rest_route=\/wp\/v2\/types\/post"}],"author":[{"embeddable":true,"href":"https:\/\/blog.liesdoch.de\/index.php?rest_route=\/wp\/v2\/users\/3"}],"replies":[{"embeddable":true,"href":"https:\/\/blog.liesdoch.de\/index.php?rest_route=%2Fwp%2Fv2%2Fcomments&post=14"}],"version-history":[{"count":7,"href":"https:\/\/blog.liesdoch.de\/index.php?rest_route=\/wp\/v2\/posts\/14\/revisions"}],"predecessor-version":[{"id":33,"href":"https:\/\/blog.liesdoch.de\/index.php?rest_route=\/wp\/v2\/posts\/14\/revisions\/33"}],"wp:attachment":[{"href":"https:\/\/blog.liesdoch.de\/index.php?rest_route=%2Fwp%2Fv2%2Fmedia&parent=14"}],"wp:term":[{"taxonomy":"category","embeddable":true,"href":"https:\/\/blog.liesdoch.de\/index.php?rest_route=%2Fwp%2Fv2%2Fcategories&post=14"},{"taxonomy":"post_tag","embeddable":true,"href":"https:\/\/blog.liesdoch.de\/index.php?rest_route=%2Fwp%2Fv2%2Ftags&post=14"}],"curies":[{"name":"wp","href":"https:\/\/api.w.org\/{rel}","templated":true}]}}