{"id":1410,"date":"2016-03-01T12:15:56","date_gmt":"2016-03-01T10:15:56","guid":{"rendered":"http:\/\/blog.liesdoch.de\/?p=1410"},"modified":"2016-03-01T12:15:56","modified_gmt":"2016-03-01T10:15:56","slug":"so-wuest-und-schoen-sah-ich-noch-keinen-tag","status":"publish","type":"post","link":"https:\/\/blog.liesdoch.de\/?p=1410","title":{"rendered":"So w\u00fcst und sch\u00f6n sah ich noch keinen Tag"},"content":{"rendered":"<p>&nbsp;<\/p>\n<p><a href=\"http:\/\/blog.liesdoch.de\/wp-content\/uploads\/2016\/03\/44192668z.jpg\"><img loading=\"lazy\" decoding=\"async\" class=\"alignnone size-medium wp-image-1411\" src=\"http:\/\/blog.liesdoch.de\/wp-content\/uploads\/2016\/03\/44192668z-195x300.jpg\" alt=\"44192668z\" width=\"195\" height=\"300\" srcset=\"https:\/\/blog.liesdoch.de\/wp-content\/uploads\/2016\/03\/44192668z-195x300.jpg 195w, https:\/\/blog.liesdoch.de\/wp-content\/uploads\/2016\/03\/44192668z.jpg 310w\" sizes=\"auto, (max-width: 195px) 100vw, 195px\" \/><\/a><\/p>\n<p>&nbsp;<\/p>\n<p>Elizabeth Laban, So w\u00fcst und sch\u00f6n sah ich noch keinen Tag, Hanser 2016, ISBN 978-3-446-25082-6<\/p>\n<p>&nbsp;<\/p>\n<p>\u201eLieber Duncan,<\/p>\n<p>als ich h\u00f6rte, dass du hier einziehst, konnte ich es einfach nicht glauben, ehrlich. Vielleicht ahnst du ja schon, was ich sagen will, aber ich sag`s trotzdem noch mal. Es ist wichtig, dass du wei\u00dft, warum und genau wie alles passiert ist. Irgendjemand muss es wissen \u2013 irgendwem k\u00f6nnten die Informationen n\u00fctzen, damit er nicht dieselben Fehler macht wie ich. Vielleiht. Ich wei\u00df es nicht. H\u00f6r dir meine Geschichte an. Was du h\u00f6ren wirst \u2013 die Worte, die Musik, mein Absturz sowie deine angenommene oder tats\u00e4chliche Rolle darin, wird dir mehr nutzen, als du dir vorstellen kannst.<\/p>\n<p>Es gr\u00fcsst dich<\/p>\n<p>Tim\u201c<\/p>\n<p>Als Duncan zu seinem letzten Jahr an das renommierte Irving College nach den Ferien zur\u00fcckkehrt, bezieht er ein neues Zimmer. Es ist dort seit langen Zeiten Tradition, dass die Vorg\u00e4nger, die das Internat verlassen haben, ihren Nachfolgern dort irgendetwas hinterlassen. Neben einem Brief mit den oben zitierten Worten findet Duncan eine Sammlung von CD`s , die sein Vorbewohner Tim besprochen hat. Tim, mit dem Duncan viele widerspr\u00fcchliche Erinnerungen aus dem letzten Jahr verbindet, war ein Albino, ein zur\u00fcckgezogener und sch\u00fcchterner Junge, der sich oft Anfeindungen und gnadenlosem Mobbing ausgesetzt sah.<\/p>\n<p>Tim verliebt sich in die sch\u00f6ne Vanessa. Und er bl\u00fcht auf, f\u00fchlt sich zum ersten Mal in seinem Leben nicht als Au\u00dfenseiter. Dennoch hat er zu keinem Zeitpunkt den Mut, seiner angebeteten Vanessa seine Gef\u00fchle zu gestehen. Es ist auch der Mangel an Selbstbewusstsein, der schlussendlich zu einem tragischen Ungl\u00fcck f\u00fchrt. Eine Geschichte, die Duncan durchaus kennt, als er beginnt die CD`s zu h\u00f6ren, deren Hintergr\u00fcnde ihm aber bisher verdunkelt waren. Mit immer gr\u00f6\u00dferer Spannung wird Duncan und mit ihm auch der Leser in eine lebendige und bewegende Geschichte hineingezogen, die handelt von Freude und Entt\u00e4uschung, von Stolz und Liebe. Viele weise Botschaften, oft zwischen den Zeilen versteckt, laden zum Nachdenken ein, tiefgr\u00fcndige Dialoge zum Innehalten, witzige Passagen zum Lachen und Schmunzeln.<\/p>\n<p>F\u00fcr Duncan, der sich in vielem, was Tim erz\u00e4hlt, wieder erkennt, ist dessen tragische Geschichte der letzte Ansto\u00df, in seinem Leben endlich den entscheidenden Schritt auf ein M\u00e4dchen zu tun, das er liebt.<\/p>\n<p>Nicht nur weil das Buch in einem Internat spielt, weil Poesie eine gro\u00dfe Rolle spielt und auch entsprechende Lehrpersonen auftreten, die man selbst gerne als Sch\u00fcler gehabt h\u00e4tte, f\u00fchlte ich mich in weiten Strecken des Buches erinnert an John Greens \u201eEine wie Alaska\u201c<\/p>\n<p>&nbsp;<\/p>\n<p>&nbsp;<\/p>\n","protected":false},"excerpt":{"rendered":"<p>&nbsp; &nbsp; Elizabeth Laban, So w\u00fcst und sch\u00f6n sah ich noch keinen Tag, Hanser 2016, ISBN 978-3-446-25082-6 &nbsp; \u201eLieber Duncan, als ich h\u00f6rte, dass du hier einziehst, konnte ich es einfach nicht glauben, ehrlich. Vielleicht ahnst du ja schon, was ich sagen will, aber ich sag`s trotzdem noch mal. Es ist wichtig, dass du wei\u00dft, &hellip; <a href=\"https:\/\/blog.liesdoch.de\/?p=1410\" class=\"more-link\"><span class=\"screen-reader-text\">So w\u00fcst und sch\u00f6n sah ich noch keinen Tag<\/span> weiterlesen <span class=\"meta-nav\">&rarr;<\/span><\/a><\/p>\n","protected":false},"author":6,"featured_media":0,"comment_status":"open","ping_status":"open","sticky":false,"template":"","format":"standard","meta":{"footnotes":""},"categories":[1],"tags":[],"class_list":["post-1410","post","type-post","status-publish","format-standard","hentry","category-allgemein"],"_links":{"self":[{"href":"https:\/\/blog.liesdoch.de\/index.php?rest_route=\/wp\/v2\/posts\/1410","targetHints":{"allow":["GET"]}}],"collection":[{"href":"https:\/\/blog.liesdoch.de\/index.php?rest_route=\/wp\/v2\/posts"}],"about":[{"href":"https:\/\/blog.liesdoch.de\/index.php?rest_route=\/wp\/v2\/types\/post"}],"author":[{"embeddable":true,"href":"https:\/\/blog.liesdoch.de\/index.php?rest_route=\/wp\/v2\/users\/6"}],"replies":[{"embeddable":true,"href":"https:\/\/blog.liesdoch.de\/index.php?rest_route=%2Fwp%2Fv2%2Fcomments&post=1410"}],"version-history":[{"count":1,"href":"https:\/\/blog.liesdoch.de\/index.php?rest_route=\/wp\/v2\/posts\/1410\/revisions"}],"predecessor-version":[{"id":1412,"href":"https:\/\/blog.liesdoch.de\/index.php?rest_route=\/wp\/v2\/posts\/1410\/revisions\/1412"}],"wp:attachment":[{"href":"https:\/\/blog.liesdoch.de\/index.php?rest_route=%2Fwp%2Fv2%2Fmedia&parent=1410"}],"wp:term":[{"taxonomy":"category","embeddable":true,"href":"https:\/\/blog.liesdoch.de\/index.php?rest_route=%2Fwp%2Fv2%2Fcategories&post=1410"},{"taxonomy":"post_tag","embeddable":true,"href":"https:\/\/blog.liesdoch.de\/index.php?rest_route=%2Fwp%2Fv2%2Ftags&post=1410"}],"curies":[{"name":"wp","href":"https:\/\/api.w.org\/{rel}","templated":true}]}}