{"id":1414,"date":"2016-03-01T16:10:42","date_gmt":"2016-03-01T14:10:42","guid":{"rendered":"http:\/\/blog.liesdoch.de\/?p=1414"},"modified":"2016-03-01T16:10:42","modified_gmt":"2016-03-01T14:10:42","slug":"f-e-a-r","status":"publish","type":"post","link":"https:\/\/blog.liesdoch.de\/?p=1414","title":{"rendered":"F.E.A.R."},"content":{"rendered":"<p>&nbsp;<\/p>\n<p>&nbsp;<\/p>\n<p><a href=\"http:\/\/blog.liesdoch.de\/wp-content\/uploads\/2016\/03\/42715990z.jpg\"><img loading=\"lazy\" decoding=\"async\" class=\"alignnone size-medium wp-image-1415\" src=\"http:\/\/blog.liesdoch.de\/wp-content\/uploads\/2016\/03\/42715990z-195x300.jpg\" alt=\"42715990z\" width=\"195\" height=\"300\" srcset=\"https:\/\/blog.liesdoch.de\/wp-content\/uploads\/2016\/03\/42715990z-195x300.jpg 195w, https:\/\/blog.liesdoch.de\/wp-content\/uploads\/2016\/03\/42715990z.jpg 310w\" sizes=\"auto, (max-width: 195px) 100vw, 195px\" \/><\/a><\/p>\n<p>&nbsp;<\/p>\n<p>Elisabeth Z\u00f6ller, F.E.A.R., Hanser 2015, ISBN 978-3-446-24937-0<\/p>\n<p>&nbsp;<\/p>\n<p>\u201eFear\u201c, Angst, hat Elisabeth Z\u00f6ller ihren neuen Jugendroman genannt, der aber auch f\u00fcr Erwachsene unbedingt zu empfehlen ist. In Zeiten, in denen Grenzen wieder geschlossen werden, immer mehr L\u00e4nder nach einer ersten Welle des Willkommens bzw., Durchwinkens (je nachdem) sich gegen die Fl\u00fcchtlingen aus dem Nahen Osten und dem S\u00fcden abschotten, und Brandstiftungen und Gewalt gegen Unterk\u00fcnfte dieser Menschen bei uns fast schon zum Polizeialltag z\u00e4hlen \u2013 dieses Gef\u00fchl scheint sich zu verst\u00e4rken. Angst greift um sich und droht unsere Gesellschaft zu spalten.<\/p>\n<p>Es ist eine fiktive, wenngleich hervorragend auf dem Hintergrund realer Ereignisse unserer Gegenwart recherchierte Geschichte, die von der 16- j\u00e4hrigen Clara handelt. Ihr Alltag ist eher trist, die Eltern haben sich getrennt, ihre Mutter hat ein Verh\u00e4ltnis mit Claras eher linkem Geschichtslehrer, der so tut, als w\u00e4re er ihr Vater. Clara widert das alles an.<\/p>\n<p>Umso offener ist sie f\u00fcr die Avancen von Joonas, einem etwa 18 \u2013 j\u00e4hrigen, gut aussehenden und unglaublich redegewandten Finnen, in den sie sich verliebt. Genervt von dem linken Einheitsbrei ihres Lehrers und ihrer Mutter, gef\u00e4llt ihr die nationale Gesinnung von Joonas, die bald schon zu Tage kommt, nicht schlecht.<\/p>\n<p>Doch bald schon streiten sich ihre Faszination f\u00fcr diesen Jungen und ihre Angst vor seinen Schatten in ihr heftig. Joonas wohnt bei einem alten Nazi, und spricht immer wieder von seinem Traum von einer Neuen Finnischen Armee. Um alles besser zu verstehen, recherchiert Clara in Netz. Dabei setzt sie ungewollt einen Journalisten auf seine Spur. Joonas flieht nach Finnland, nimmt Clara mit. Bald schon kommt es zu einer Katastrophe, als er mit zwei Freunden das Haus einer linken Gastronomin im Brand setzt.<\/p>\n<p>Elisabeth Z\u00f6ller erz\u00e4hlt von hinten und l\u00e4sst den Leser durch den Polizeibericht, der erhebliche Teile des Romas einnimmt, an Claras Sichtweise, an ihren Gef\u00fchlen und Empfindungen teilhaben. Man kann sich gut in dieses M\u00e4dchen hineinversetzen, die nach der Trennung der Eltern nach einem Halt sucht und ihn zun\u00e4chst in Joonas findet. Lange l\u00e4sst Z\u00f6ller dessen wahre Beweggr\u00fcnde im Dunkeln, sodass sich der erwachsene Leser mehr als einmal fragt, was man selbst als junger Mensch in sich einer Situation wohl getan h\u00e4tte. Man erinnert sich an eigene Radikalisierungen, nur damals nach links, die einem heute die Schamr\u00f6te ins Gesicht treiben.<\/p>\n<p>F\u00fcr Jugendliche ist Elisabeths Z\u00f6llers Roman eine Einladung zum Nachdenken. Es ist ein engagiertes Buch mit Ecken und Kanten, das sie stark machen m\u00f6chte, den schnellen und leichten Erkl\u00e4rungen fremdenfeindlicher Gesinnungen Widerstand entgegenzusetzen. Von diesem wird die Generation der heutigen Jugendlichen in den ihres Erwachsenwerdens noch eine ganze Menge brauchen.<\/p>\n<p>&nbsp;<\/p>\n<p>&nbsp;<\/p>\n","protected":false},"excerpt":{"rendered":"<p>&nbsp; &nbsp; &nbsp; Elisabeth Z\u00f6ller, F.E.A.R., Hanser 2015, ISBN 978-3-446-24937-0 &nbsp; \u201eFear\u201c, Angst, hat Elisabeth Z\u00f6ller ihren neuen Jugendroman genannt, der aber auch f\u00fcr Erwachsene unbedingt zu empfehlen ist. In Zeiten, in denen Grenzen wieder geschlossen werden, immer mehr L\u00e4nder nach einer ersten Welle des Willkommens bzw., Durchwinkens (je nachdem) sich gegen die Fl\u00fcchtlingen aus &hellip; <a href=\"https:\/\/blog.liesdoch.de\/?p=1414\" class=\"more-link\"><span class=\"screen-reader-text\">F.E.A.R.<\/span> weiterlesen <span class=\"meta-nav\">&rarr;<\/span><\/a><\/p>\n","protected":false},"author":6,"featured_media":0,"comment_status":"open","ping_status":"open","sticky":false,"template":"","format":"standard","meta":{"footnotes":""},"categories":[1],"tags":[58],"class_list":["post-1414","post","type-post","status-publish","format-standard","hentry","category-allgemein","tag-jugendroman"],"_links":{"self":[{"href":"https:\/\/blog.liesdoch.de\/index.php?rest_route=\/wp\/v2\/posts\/1414","targetHints":{"allow":["GET"]}}],"collection":[{"href":"https:\/\/blog.liesdoch.de\/index.php?rest_route=\/wp\/v2\/posts"}],"about":[{"href":"https:\/\/blog.liesdoch.de\/index.php?rest_route=\/wp\/v2\/types\/post"}],"author":[{"embeddable":true,"href":"https:\/\/blog.liesdoch.de\/index.php?rest_route=\/wp\/v2\/users\/6"}],"replies":[{"embeddable":true,"href":"https:\/\/blog.liesdoch.de\/index.php?rest_route=%2Fwp%2Fv2%2Fcomments&post=1414"}],"version-history":[{"count":1,"href":"https:\/\/blog.liesdoch.de\/index.php?rest_route=\/wp\/v2\/posts\/1414\/revisions"}],"predecessor-version":[{"id":1416,"href":"https:\/\/blog.liesdoch.de\/index.php?rest_route=\/wp\/v2\/posts\/1414\/revisions\/1416"}],"wp:attachment":[{"href":"https:\/\/blog.liesdoch.de\/index.php?rest_route=%2Fwp%2Fv2%2Fmedia&parent=1414"}],"wp:term":[{"taxonomy":"category","embeddable":true,"href":"https:\/\/blog.liesdoch.de\/index.php?rest_route=%2Fwp%2Fv2%2Fcategories&post=1414"},{"taxonomy":"post_tag","embeddable":true,"href":"https:\/\/blog.liesdoch.de\/index.php?rest_route=%2Fwp%2Fv2%2Ftags&post=1414"}],"curies":[{"name":"wp","href":"https:\/\/api.w.org\/{rel}","templated":true}]}}