{"id":1428,"date":"2016-03-04T12:11:45","date_gmt":"2016-03-04T10:11:45","guid":{"rendered":"http:\/\/blog.liesdoch.de\/?p=1428"},"modified":"2016-03-04T12:11:45","modified_gmt":"2016-03-04T10:11:45","slug":"fuer-deutschland-in-den-krieg","status":"publish","type":"post","link":"https:\/\/blog.liesdoch.de\/?p=1428","title":{"rendered":"F\u00fcr Deutschland in den Krieg"},"content":{"rendered":"<p>&nbsp;<\/p>\n<p>&nbsp;<\/p>\n<p><a href=\"http:\/\/blog.liesdoch.de\/wp-content\/uploads\/2016\/03\/42590473z.jpg\"><img loading=\"lazy\" decoding=\"async\" class=\"alignnone size-medium wp-image-1429\" src=\"http:\/\/blog.liesdoch.de\/wp-content\/uploads\/2016\/03\/42590473z-211x300.jpg\" alt=\"42590473z\" width=\"211\" height=\"300\" srcset=\"https:\/\/blog.liesdoch.de\/wp-content\/uploads\/2016\/03\/42590473z-211x300.jpg 211w, https:\/\/blog.liesdoch.de\/wp-content\/uploads\/2016\/03\/42590473z.jpg 296w\" sizes=\"auto, (max-width: 211px) 100vw, 211px\" \/><\/a><\/p>\n<p>&nbsp;<\/p>\n<p>&nbsp;<\/p>\n<p>Dietger Lather, F\u00fcr Deutschland in den Krieg, Tectum 2015, ISBN 978-3-8288-3535-1<\/p>\n<p>&nbsp;<\/p>\n<p>Ein informatives Buch ist hier anzuzeigen, geschrieben von einem in Auslandseins\u00e4tzen erfahrenen Bundeswehroffizier, der in im Kosovo und in Afghanistan als Kommandeur in Einsatz war.<\/p>\n<p>Er kn\u00fcpft an die neuen Aufgaben Deutschlands nach der Wiedervereinigung an und seine neue milit\u00e4rische Rolle, gibt gute Einblicke in die Innenwelt der Bundeswehr, ihren Ausr\u00fcstungsstand und ihre Defizite. Alles in allem f\u00fchrt er den Leser unaufgeregt und unideologisch gut und n\u00fcchtern ein die Welt in Uniform<\/p>\n<p>Den Hauptteil des Buches nehmen Beschreibungen ein dar\u00fcber, was nun konkret m\u00f6glich und n\u00f6tig ist in einem Auslandseinsatz, wie man sich in der Partnerschaft zu Hause darauf vorberietet, wie man \u201eim Feld\u201c rein praktisch alleine schon Kontakt halten kann, welche \u00c4ngste bei den Angeh\u00f6rigen auftreten und wie mit diesen in ruhiger Weise aktiv Umgang gepflegt werden kann.<\/p>\n<p>Jeder Soldat kann sich mit diesem Buch gut informieren dar\u00fcber, was im Vorfeld eines Auslandseinsatzes auf ihn zukommt. Immer mehr Soldaten werden in den n\u00e4chsten Jahren davon betroffen sein<\/p>\n<p>Interessant, obwohl relativ kurz sind die konkreten Eindr\u00fccke und Bewertungen der rein praktischen Seite des aktiven Einsatzes.<\/p>\n<p>Nach Beschreibungen der Monotonie des Lagerlebens bei einem Auslandseinsatz Monotonie des Lagerlebens, der dauernden Vorsicht und dem konkreten Erleben von Anschl\u00e4gen, den Umgang mit Gewalterlebnissen, wie man in extremen Situationen dennoch \u201efunktionieren\u201c kann und ob die Bundeswehr einfach einen integralen Bestandteil der bundesdeutschen Gesellschaft darstellt oder eine Parallelgesellschaft bildet, beschriebt er im letzten Kapitel die \u201eR\u00fcckkehr in die neue, alte Welt\u201c.<\/p>\n<p>Das Buch bietet neben praktischen Hilfestellungen f\u00fcr Soldaten ein engagiertes Pl\u00e4doyer f\u00fcr eine \u201ekommunikative\u201c und darin \u201eoffene\u201c Bundeswehr, die Dietger Lather zumindest in wichtigen Teilen vermisst und daher kritisch einfordert<\/p>\n<p>&nbsp;<\/p>\n<p>&nbsp;<\/p>\n<p>&nbsp;<\/p>\n<p>&nbsp;<\/p>\n<p>&nbsp;<\/p>\n<p>&nbsp;<\/p>\n","protected":false},"excerpt":{"rendered":"<p>&nbsp; &nbsp; &nbsp; &nbsp; Dietger Lather, F\u00fcr Deutschland in den Krieg, Tectum 2015, ISBN 978-3-8288-3535-1 &nbsp; Ein informatives Buch ist hier anzuzeigen, geschrieben von einem in Auslandseins\u00e4tzen erfahrenen Bundeswehroffizier, der in im Kosovo und in Afghanistan als Kommandeur in Einsatz war. Er kn\u00fcpft an die neuen Aufgaben Deutschlands nach der Wiedervereinigung an und seine neue &hellip; <a href=\"https:\/\/blog.liesdoch.de\/?p=1428\" class=\"more-link\"><span class=\"screen-reader-text\">F\u00fcr Deutschland in den Krieg<\/span> weiterlesen <span class=\"meta-nav\">&rarr;<\/span><\/a><\/p>\n","protected":false},"author":6,"featured_media":0,"comment_status":"open","ping_status":"open","sticky":false,"template":"","format":"standard","meta":{"footnotes":""},"categories":[1],"tags":[383],"class_list":["post-1428","post","type-post","status-publish","format-standard","hentry","category-allgemein","tag-bundeswehr"],"_links":{"self":[{"href":"https:\/\/blog.liesdoch.de\/index.php?rest_route=\/wp\/v2\/posts\/1428","targetHints":{"allow":["GET"]}}],"collection":[{"href":"https:\/\/blog.liesdoch.de\/index.php?rest_route=\/wp\/v2\/posts"}],"about":[{"href":"https:\/\/blog.liesdoch.de\/index.php?rest_route=\/wp\/v2\/types\/post"}],"author":[{"embeddable":true,"href":"https:\/\/blog.liesdoch.de\/index.php?rest_route=\/wp\/v2\/users\/6"}],"replies":[{"embeddable":true,"href":"https:\/\/blog.liesdoch.de\/index.php?rest_route=%2Fwp%2Fv2%2Fcomments&post=1428"}],"version-history":[{"count":1,"href":"https:\/\/blog.liesdoch.de\/index.php?rest_route=\/wp\/v2\/posts\/1428\/revisions"}],"predecessor-version":[{"id":1430,"href":"https:\/\/blog.liesdoch.de\/index.php?rest_route=\/wp\/v2\/posts\/1428\/revisions\/1430"}],"wp:attachment":[{"href":"https:\/\/blog.liesdoch.de\/index.php?rest_route=%2Fwp%2Fv2%2Fmedia&parent=1428"}],"wp:term":[{"taxonomy":"category","embeddable":true,"href":"https:\/\/blog.liesdoch.de\/index.php?rest_route=%2Fwp%2Fv2%2Fcategories&post=1428"},{"taxonomy":"post_tag","embeddable":true,"href":"https:\/\/blog.liesdoch.de\/index.php?rest_route=%2Fwp%2Fv2%2Ftags&post=1428"}],"curies":[{"name":"wp","href":"https:\/\/api.w.org\/{rel}","templated":true}]}}