{"id":1432,"date":"2016-03-07T09:55:36","date_gmt":"2016-03-07T07:55:36","guid":{"rendered":"http:\/\/blog.liesdoch.de\/?p=1432"},"modified":"2016-03-07T09:55:36","modified_gmt":"2016-03-07T07:55:36","slug":"wie-kinder-frueher-lebten","status":"publish","type":"post","link":"https:\/\/blog.liesdoch.de\/?p=1432","title":{"rendered":"Wie Kinder fr\u00fcher lebten"},"content":{"rendered":"<p>&nbsp;<\/p>\n<p>&nbsp;<\/p>\n<p>&nbsp;<\/p>\n<p><a href=\"http:\/\/blog.liesdoch.de\/wp-content\/uploads\/2016\/03\/43769337z.jpg\"><img loading=\"lazy\" decoding=\"async\" class=\"alignnone size-medium wp-image-1433\" src=\"http:\/\/blog.liesdoch.de\/wp-content\/uploads\/2016\/03\/43769337z-256x300.jpg\" alt=\"43769337z\" width=\"256\" height=\"300\" srcset=\"https:\/\/blog.liesdoch.de\/wp-content\/uploads\/2016\/03\/43769337z-256x300.jpg 256w, https:\/\/blog.liesdoch.de\/wp-content\/uploads\/2016\/03\/43769337z.jpg 340w\" sizes=\"auto, (max-width: 256px) 100vw, 256px\" \/><\/a><\/p>\n<p>Susanne Gernh\u00e4user, Wie Kinder fr\u00fcher lebten, Ravensburger Verlag 2016, ISBN 978-3-473-32649-5<\/p>\n<p>&nbsp;<\/p>\n<p>Die Sachbilderbuchreihe selbst ist eine der besten und auch erfolgreichsten im deutschsprachigen Raum. Da wird grundlegendes Sachwissen f\u00fcr Kinder zwischen vier und sieben Jahren vermittelt, zahlreiche Bilder mit hohem Entdeckungswert illustrieren leicht verst\u00e4ndliche Texte, die von Erstlesern gut selbst bew\u00e4ltigt werden k\u00f6nnen und zahlreiche Klappen erm\u00f6glichen Einblicke, bzw. veranschaulichen Bewegungen und Abl\u00e4ufe.<\/p>\n<p>&nbsp;<\/p>\n<p>So ist es auch mit dem vorliegenden neuen von Susanne Gernh\u00e4user geschriebenen und von Guido Wandrey einf\u00fchlsam illustrierten Buch \u201eWie Kinder fr\u00fcher lebten\u201c. Auf jeweils einer Doppelseite k\u00f6nnen die Kinder etwas lernen \u00fcber die Lebensweise von Kindern in der Steinzeit, im Alten \u00c4gypten, bei den Griechen und im Mittelalter.<\/p>\n<p>In der zweiten H\u00e4lfte des Buches werden die Zeitabst\u00e4nde k\u00fcrzer. Da geht es auf je einer Seite um die Kinder der Ritter, um den Nachwuchs des Adels und um Kinder, die um 1800 in der Stadt aufwachsen. Mit dem Alltag um 1900 geht es schon um die Lebenswelt der Urgro\u00dfelterngeneration der die das Buch betrachtenden Kinder, und auf der letzten Seite sieht man Kinder in den Tr\u00fcmmern des Zweiten Weltkrieges spielen: \u201eWie sind Opa und Oma aufgewachsen\u201c?<\/p>\n<p>Insbesondere dieses Kapitel l\u00e4dt Gro\u00dfeltern ein, ihren Enkel von dieser Zeit zu erz\u00e4hlen. Aber auch die Informationen von anderen viel fr\u00fcheren Zeitaltern vermitteln den heutigen Kinder einen Eindruck davon, wie stark sich die Kindheit fr\u00fcherer Generationen von der heutigen unterschieden hat.<\/p>\n<p>Denn erst im Vergleich lernt man die eigene, gegenw\u00e4rtige Lebenswelt sch\u00e4tzen.<\/p>\n","protected":false},"excerpt":{"rendered":"<p>&nbsp; &nbsp; &nbsp; Susanne Gernh\u00e4user, Wie Kinder fr\u00fcher lebten, Ravensburger Verlag 2016, ISBN 978-3-473-32649-5 &nbsp; Die Sachbilderbuchreihe selbst ist eine der besten und auch erfolgreichsten im deutschsprachigen Raum. Da wird grundlegendes Sachwissen f\u00fcr Kinder zwischen vier und sieben Jahren vermittelt, zahlreiche Bilder mit hohem Entdeckungswert illustrieren leicht verst\u00e4ndliche Texte, die von Erstlesern gut selbst bew\u00e4ltigt &hellip; <a href=\"https:\/\/blog.liesdoch.de\/?p=1432\" class=\"more-link\"><span class=\"screen-reader-text\">Wie Kinder fr\u00fcher lebten<\/span> weiterlesen <span class=\"meta-nav\">&rarr;<\/span><\/a><\/p>\n","protected":false},"author":6,"featured_media":0,"comment_status":"open","ping_status":"open","sticky":false,"template":"","format":"standard","meta":{"footnotes":""},"categories":[1],"tags":[308],"class_list":["post-1432","post","type-post","status-publish","format-standard","hentry","category-allgemein","tag-sachbilderbuch"],"_links":{"self":[{"href":"https:\/\/blog.liesdoch.de\/index.php?rest_route=\/wp\/v2\/posts\/1432","targetHints":{"allow":["GET"]}}],"collection":[{"href":"https:\/\/blog.liesdoch.de\/index.php?rest_route=\/wp\/v2\/posts"}],"about":[{"href":"https:\/\/blog.liesdoch.de\/index.php?rest_route=\/wp\/v2\/types\/post"}],"author":[{"embeddable":true,"href":"https:\/\/blog.liesdoch.de\/index.php?rest_route=\/wp\/v2\/users\/6"}],"replies":[{"embeddable":true,"href":"https:\/\/blog.liesdoch.de\/index.php?rest_route=%2Fwp%2Fv2%2Fcomments&post=1432"}],"version-history":[{"count":1,"href":"https:\/\/blog.liesdoch.de\/index.php?rest_route=\/wp\/v2\/posts\/1432\/revisions"}],"predecessor-version":[{"id":1434,"href":"https:\/\/blog.liesdoch.de\/index.php?rest_route=\/wp\/v2\/posts\/1432\/revisions\/1434"}],"wp:attachment":[{"href":"https:\/\/blog.liesdoch.de\/index.php?rest_route=%2Fwp%2Fv2%2Fmedia&parent=1432"}],"wp:term":[{"taxonomy":"category","embeddable":true,"href":"https:\/\/blog.liesdoch.de\/index.php?rest_route=%2Fwp%2Fv2%2Fcategories&post=1432"},{"taxonomy":"post_tag","embeddable":true,"href":"https:\/\/blog.liesdoch.de\/index.php?rest_route=%2Fwp%2Fv2%2Ftags&post=1432"}],"curies":[{"name":"wp","href":"https:\/\/api.w.org\/{rel}","templated":true}]}}