{"id":1464,"date":"2016-03-09T12:18:55","date_gmt":"2016-03-09T10:18:55","guid":{"rendered":"http:\/\/blog.liesdoch.de\/?p=1464"},"modified":"2016-03-09T12:18:55","modified_gmt":"2016-03-09T10:18:55","slug":"das-geheimnis-meines-vaters","status":"publish","type":"post","link":"https:\/\/blog.liesdoch.de\/?p=1464","title":{"rendered":"Das Geheimnis meines Vaters"},"content":{"rendered":"<p>&nbsp;<\/p>\n<p>&nbsp;<\/p>\n<p>&nbsp;<\/p>\n<p>&nbsp;<\/p>\n<p><a href=\"http:\/\/blog.liesdoch.de\/wp-content\/uploads\/2016\/03\/42637829z.jpg\"><img loading=\"lazy\" decoding=\"async\" class=\"alignnone size-medium wp-image-1465\" src=\"http:\/\/blog.liesdoch.de\/wp-content\/uploads\/2016\/03\/42637829z-185x300.jpg\" alt=\"42637829z\" width=\"185\" height=\"300\" srcset=\"https:\/\/blog.liesdoch.de\/wp-content\/uploads\/2016\/03\/42637829z-185x300.jpg 185w, https:\/\/blog.liesdoch.de\/wp-content\/uploads\/2016\/03\/42637829z.jpg 294w\" sizes=\"auto, (max-width: 185px) 100vw, 185px\" \/><\/a><\/p>\n<p>&nbsp;<\/p>\n<p>Xavier de Moulins, Das Geheimnis meines Vaters, L\u00fcbbe 2015, ISBN 978-3-431-03934-4<\/p>\n<p>&nbsp;<\/p>\n<p>Der zweite auf Deutsch ver\u00f6ffentlichte Roman des franz\u00f6sischen Journalisten und Buchautors Xavier de Moulins erz\u00e4hlt auf eine poetische, eindringliche und sehr emotionale Weise eine Geschichte eines Mannes in den besten Jahren, der innerhalb k\u00fcrzester Zeit quasi aus seinem Leben f\u00e4llt und sich seiner Geschichte stellen muss.<\/p>\n<p>Paul ist vierzig Jahre alt, als Immobilienmakler ziemlich erfolgreich und verheiratet mit Ava, einer perfekten Frau, mit der er zwei Kinder hat. Als die eines Tages ihm aus heiterem Himmel mitteilt, dass sie sich von ihm trennen will und kurz darauf auch noch sein Vater bei einem Autounfall stirbt, da scheint sein Leben in Scherben.<\/p>\n<p>In wechselnden Zeitebenen l\u00e4sst de Moulins seinen Protagonisten sein Leben bilanzieren, ein Leben, in dem neben seinem glanzvollen Vater, der f\u00fcr ihn als Junge wie ein Held war, sein bester Freund Oscar so etwas wie ein Anker ist.<\/p>\n<p>Und w\u00e4hrend er in vielen R\u00fcckblicken \u00fcber sein Leben nachdenkt, wird ihm mehr und mehr deutlich, dass sein Vater Jean \u00fcber lange Zeit ein Geheimnis hatte. Und das hat Folgen, dramatische Folgen f\u00fcr das weitere Leben von Paul\u2026.<\/p>\n<p>Ein sch\u00f6ner Roman \u00fcber die Kraft famili\u00e4rer Bindungen und \u00fcber die lebenslange Freundschaft zwischen zwei M\u00e4nnern, die sich nahe sind wie Br\u00fcder.<\/p>\n","protected":false},"excerpt":{"rendered":"<p>&nbsp; &nbsp; &nbsp; &nbsp; &nbsp; Xavier de Moulins, Das Geheimnis meines Vaters, L\u00fcbbe 2015, ISBN 978-3-431-03934-4 &nbsp; Der zweite auf Deutsch ver\u00f6ffentlichte Roman des franz\u00f6sischen Journalisten und Buchautors Xavier de Moulins erz\u00e4hlt auf eine poetische, eindringliche und sehr emotionale Weise eine Geschichte eines Mannes in den besten Jahren, der innerhalb k\u00fcrzester Zeit quasi aus seinem &hellip; <a href=\"https:\/\/blog.liesdoch.de\/?p=1464\" class=\"more-link\"><span class=\"screen-reader-text\">Das Geheimnis meines Vaters<\/span> weiterlesen <span class=\"meta-nav\">&rarr;<\/span><\/a><\/p>\n","protected":false},"author":6,"featured_media":0,"comment_status":"open","ping_status":"open","sticky":false,"template":"","format":"standard","meta":{"footnotes":""},"categories":[1],"tags":[],"class_list":["post-1464","post","type-post","status-publish","format-standard","hentry","category-allgemein"],"_links":{"self":[{"href":"https:\/\/blog.liesdoch.de\/index.php?rest_route=\/wp\/v2\/posts\/1464","targetHints":{"allow":["GET"]}}],"collection":[{"href":"https:\/\/blog.liesdoch.de\/index.php?rest_route=\/wp\/v2\/posts"}],"about":[{"href":"https:\/\/blog.liesdoch.de\/index.php?rest_route=\/wp\/v2\/types\/post"}],"author":[{"embeddable":true,"href":"https:\/\/blog.liesdoch.de\/index.php?rest_route=\/wp\/v2\/users\/6"}],"replies":[{"embeddable":true,"href":"https:\/\/blog.liesdoch.de\/index.php?rest_route=%2Fwp%2Fv2%2Fcomments&post=1464"}],"version-history":[{"count":1,"href":"https:\/\/blog.liesdoch.de\/index.php?rest_route=\/wp\/v2\/posts\/1464\/revisions"}],"predecessor-version":[{"id":1466,"href":"https:\/\/blog.liesdoch.de\/index.php?rest_route=\/wp\/v2\/posts\/1464\/revisions\/1466"}],"wp:attachment":[{"href":"https:\/\/blog.liesdoch.de\/index.php?rest_route=%2Fwp%2Fv2%2Fmedia&parent=1464"}],"wp:term":[{"taxonomy":"category","embeddable":true,"href":"https:\/\/blog.liesdoch.de\/index.php?rest_route=%2Fwp%2Fv2%2Fcategories&post=1464"},{"taxonomy":"post_tag","embeddable":true,"href":"https:\/\/blog.liesdoch.de\/index.php?rest_route=%2Fwp%2Fv2%2Ftags&post=1464"}],"curies":[{"name":"wp","href":"https:\/\/api.w.org\/{rel}","templated":true}]}}