{"id":152,"date":"2015-05-28T15:35:17","date_gmt":"2015-05-28T13:35:17","guid":{"rendered":"http:\/\/blog.liesdoch.de\/?p=152"},"modified":"2015-05-28T15:35:17","modified_gmt":"2015-05-28T13:35:17","slug":"als-das-faultier-mit-seinem-baum-verschwand","status":"publish","type":"post","link":"https:\/\/blog.liesdoch.de\/?p=152","title":{"rendered":"Als das Faultier mit seinem Baum verschwand"},"content":{"rendered":"<p>&nbsp;<\/p>\n<p><a href=\"http:\/\/blog.liesdoch.de\/wp-content\/uploads\/2015\/05\/41938266n.jpg\"><img loading=\"lazy\" decoding=\"async\" class=\"alignnone size-full wp-image-153\" src=\"http:\/\/blog.liesdoch.de\/wp-content\/uploads\/2015\/05\/41938266n.jpg\" alt=\"41938266n\" width=\"190\" height=\"247\" \/><\/a><\/p>\n<p>&nbsp;<\/p>\n<p>Oliver Scherz, Als das Faultier mit seinem Baum verschwand , Beltz &amp; Gelberg 2015, ISBN 978-3-407-82067-9<\/p>\n<p><strong>\u00a0<\/strong><\/p>\n<p>In einem Urwald in einem fernen Land h\u00e4ngt das Faultier an seinem Baum, denn ein Faultier verl\u00e4sst seinen Baum niemals. Nicht mal, wenn der Baum gef\u00e4llt wird. Zusammen mit dem Faultier reist er \u00fcber den Ozean, kommt in ein S\u00e4gewerk und wird zu einem Stuhl \u2013 an dem kopf\u00fcber das Faultier h\u00e4ngt. Niemals w\u00fcrde es seinen Baum verlassen, nichts zu machen. Nur Paul ahnt, dass es so nicht weitergehen kann und steckt es, mit dem Stuhl, in einen Karton. Adresse: Urwald!<\/p>\n<p>Das Leben ist sch\u00f6n und einfach, wenn man wei\u00df, wo man hingeh\u00f6rt. Aber was passiert, wenn die eigene Heimat pl\u00f6tzlich durcheinandergebracht wird? Wenn zum Beispiel der eigene Lieblingsbaum, an den geschmiegt es sich so wunderbar schlafen l\u00e4sst, gef\u00e4llt wird und beim Aufwachen alles anders ist als zuvor?<\/p>\n<p>So passiert es dem armen Faultier, der Hauptfigur dieses Bilderbuchs. Mit wunderbar gro\u00dfen Augen schaut es einen an und versteht die Welt nicht mehr. Bis es seinen Baum wiederfindet, der nun ein Stuhl geworden ist. Aber das Faultier ist nicht w\u00e4hlerisch: Schmiegt es sich eben an den Stuhl!<\/p>\n<p>Dem kleinen Paul ist es zu verdanken, dass diese Geschichte ein gutes Ende nehmen kann. Denn Paul \u00fcberredet nicht nur seinen Papa zum Stuhl-Kauf, er wei\u00df auch wie sich Heimweh anf\u00fchlt. Und statt gro\u00dfe Worte zu machen, hilft er dem Faultier.<\/p>\n<p>Es ist eine schr\u00e4ge Geschichte, die Oliver Scherz erz\u00e4hlt, aber sie ber\u00fchrt und ist auf verschiedenen Ebenen zu lesen. Sie erkl\u00e4rt Heimweh und dass manche Gef\u00fchle universal sind. Aber sie lie\u00dfe auch Diskussionen dar\u00fcber zu, woher eigentlich das Holz f\u00fcr unsere M\u00f6bel kommt und warum wir daf\u00fcr einen Dschungel abholzen m\u00fcssen. Es macht diese Geschichte besonders sympathisch, dass sich dieser Tiefsinn nicht aufdr\u00e4ngt. Der Leser kann sich auch einfach von den herrlichen Illustrationen Katja Gehrmanns mitrei\u00dfen lassen, mit den Affen durch den Dschungel purzeln und einfach sagen: Ein fabelhaftes Bilderbuch!<\/p>\n<p>&nbsp;<\/p>\n","protected":false},"excerpt":{"rendered":"<p>&nbsp; &nbsp; Oliver Scherz, Als das Faultier mit seinem Baum verschwand , Beltz &amp; Gelberg 2015, ISBN 978-3-407-82067-9 \u00a0 In einem Urwald in einem fernen Land h\u00e4ngt das Faultier an seinem Baum, denn ein Faultier verl\u00e4sst seinen Baum niemals. Nicht mal, wenn der Baum gef\u00e4llt wird. Zusammen mit dem Faultier reist er \u00fcber den Ozean, &hellip; <a href=\"https:\/\/blog.liesdoch.de\/?p=152\" class=\"more-link\"><span class=\"screen-reader-text\">Als das Faultier mit seinem Baum verschwand<\/span> weiterlesen <span class=\"meta-nav\">&rarr;<\/span><\/a><\/p>\n","protected":false},"author":6,"featured_media":0,"comment_status":"open","ping_status":"open","sticky":false,"template":"","format":"standard","meta":{"footnotes":""},"categories":[1],"tags":[33,50,51],"class_list":["post-152","post","type-post","status-publish","format-standard","hentry","category-allgemein","tag-bilderbuch","tag-heimat","tag-regenwald"],"_links":{"self":[{"href":"https:\/\/blog.liesdoch.de\/index.php?rest_route=\/wp\/v2\/posts\/152","targetHints":{"allow":["GET"]}}],"collection":[{"href":"https:\/\/blog.liesdoch.de\/index.php?rest_route=\/wp\/v2\/posts"}],"about":[{"href":"https:\/\/blog.liesdoch.de\/index.php?rest_route=\/wp\/v2\/types\/post"}],"author":[{"embeddable":true,"href":"https:\/\/blog.liesdoch.de\/index.php?rest_route=\/wp\/v2\/users\/6"}],"replies":[{"embeddable":true,"href":"https:\/\/blog.liesdoch.de\/index.php?rest_route=%2Fwp%2Fv2%2Fcomments&post=152"}],"version-history":[{"count":1,"href":"https:\/\/blog.liesdoch.de\/index.php?rest_route=\/wp\/v2\/posts\/152\/revisions"}],"predecessor-version":[{"id":154,"href":"https:\/\/blog.liesdoch.de\/index.php?rest_route=\/wp\/v2\/posts\/152\/revisions\/154"}],"wp:attachment":[{"href":"https:\/\/blog.liesdoch.de\/index.php?rest_route=%2Fwp%2Fv2%2Fmedia&parent=152"}],"wp:term":[{"taxonomy":"category","embeddable":true,"href":"https:\/\/blog.liesdoch.de\/index.php?rest_route=%2Fwp%2Fv2%2Fcategories&post=152"},{"taxonomy":"post_tag","embeddable":true,"href":"https:\/\/blog.liesdoch.de\/index.php?rest_route=%2Fwp%2Fv2%2Ftags&post=152"}],"curies":[{"name":"wp","href":"https:\/\/api.w.org\/{rel}","templated":true}]}}