{"id":1540,"date":"2016-03-21T13:38:34","date_gmt":"2016-03-21T11:38:34","guid":{"rendered":"http:\/\/blog.liesdoch.de\/?p=1540"},"modified":"2016-03-21T13:38:34","modified_gmt":"2016-03-21T11:38:34","slug":"eule-fuchs-und-fledermaus","status":"publish","type":"post","link":"https:\/\/blog.liesdoch.de\/?p=1540","title":{"rendered":"Eule, Fuchs und Fledermaus"},"content":{"rendered":"<p>&nbsp;<\/p>\n<p>&nbsp;<\/p>\n<p>&nbsp;<\/p>\n<p><a href=\"http:\/\/blog.liesdoch.de\/wp-content\/uploads\/2016\/03\/44150025z.jpg\"><img loading=\"lazy\" decoding=\"async\" class=\"alignnone size-medium wp-image-1541\" src=\"http:\/\/blog.liesdoch.de\/wp-content\/uploads\/2016\/03\/44150025z-225x300.jpg\" alt=\"44150025z\" width=\"225\" height=\"300\" srcset=\"https:\/\/blog.liesdoch.de\/wp-content\/uploads\/2016\/03\/44150025z-225x300.jpg 225w, https:\/\/blog.liesdoch.de\/wp-content\/uploads\/2016\/03\/44150025z.jpg 316w\" sizes=\"auto, (max-width: 225px) 100vw, 225px\" \/><\/a><\/p>\n<p>&nbsp;<\/p>\n<p>&nbsp;<\/p>\n<p>Thomas M\u00fcller, Eule, Fuchs und Fledermaus, Gerstenberg 2016, ISBN 978-3-8369-5838-7<\/p>\n<p>&nbsp;<\/p>\n<p>Durch seine bisherigen vier B\u00fccher, in denen er mit gro\u00dfer Sachkenntnis und wunderbaren Zeichnungen die Eule, die Schwalben, Spatzen und St\u00f6rche durch das Jahr begleitete und ihren jeweiligen Lebensrhythmus und ihre Ern\u00e4hrungs- und Fortpflanzungsgewohnheiten beschrie, ist Thomas M\u00fcller zu einem der besten Sachbuchautoren f\u00fcr Kinder geworden.<\/p>\n<p>Nun legt er ein sch\u00f6nes gro\u00dfes Sachbilderbuch vor \u00fcber die Tiere der Nacht, jenen also, wie der Eule (die mag er genauso wie Guliano Ferri offenbar besonders), dem Fuchs und der Fledermaus, die erst dann aktiv werden, wenn nach dem Untergang der Sonne die meisten anderen Tiere sich schon zur Nachtruhe geben haben. Und es ist erstaunlich, wo man diese nachtaktiven Tiere \u00fcberall findet. Thomas M\u00fcller stellt sie vor nach ihren Lebensr\u00e4umen im Dorf, auf dem Feld und den Wiesen, am Waldrand, im Wald, am See, im Garten und in der Stadt.<\/p>\n<p>In einem abschlie\u00dfenden Kapitel gibt er kindgerechte Hinweise darauf, wie man Tiere bei Nacht beobachten kann, wenn man zum Beispiel auf einer Nachtwanderung unterwegs ist mit den Eltern oder der Schule. Aber auch direkt vor der Haust\u00fcr gibt es schon viel zu beobachten, wenn es dunkel geworden ist.<\/p>\n<p>Ein beispielhaftes und sch\u00f6nes Sachbilderbuch f\u00fcr Kinder ab etwa 5 Jahren zum Vorlesen und Anschauen geeignet.<\/p>\n<p>&nbsp;<\/p>\n","protected":false},"excerpt":{"rendered":"<p>&nbsp; &nbsp; &nbsp; &nbsp; &nbsp; Thomas M\u00fcller, Eule, Fuchs und Fledermaus, Gerstenberg 2016, ISBN 978-3-8369-5838-7 &nbsp; Durch seine bisherigen vier B\u00fccher, in denen er mit gro\u00dfer Sachkenntnis und wunderbaren Zeichnungen die Eule, die Schwalben, Spatzen und St\u00f6rche durch das Jahr begleitete und ihren jeweiligen Lebensrhythmus und ihre Ern\u00e4hrungs- und Fortpflanzungsgewohnheiten beschrie, ist Thomas M\u00fcller zu &hellip; <a href=\"https:\/\/blog.liesdoch.de\/?p=1540\" class=\"more-link\"><span class=\"screen-reader-text\">Eule, Fuchs und Fledermaus<\/span> weiterlesen <span class=\"meta-nav\">&rarr;<\/span><\/a><\/p>\n","protected":false},"author":6,"featured_media":0,"comment_status":"open","ping_status":"open","sticky":false,"template":"","format":"standard","meta":{"footnotes":""},"categories":[1],"tags":[308],"class_list":["post-1540","post","type-post","status-publish","format-standard","hentry","category-allgemein","tag-sachbilderbuch"],"_links":{"self":[{"href":"https:\/\/blog.liesdoch.de\/index.php?rest_route=\/wp\/v2\/posts\/1540","targetHints":{"allow":["GET"]}}],"collection":[{"href":"https:\/\/blog.liesdoch.de\/index.php?rest_route=\/wp\/v2\/posts"}],"about":[{"href":"https:\/\/blog.liesdoch.de\/index.php?rest_route=\/wp\/v2\/types\/post"}],"author":[{"embeddable":true,"href":"https:\/\/blog.liesdoch.de\/index.php?rest_route=\/wp\/v2\/users\/6"}],"replies":[{"embeddable":true,"href":"https:\/\/blog.liesdoch.de\/index.php?rest_route=%2Fwp%2Fv2%2Fcomments&post=1540"}],"version-history":[{"count":1,"href":"https:\/\/blog.liesdoch.de\/index.php?rest_route=\/wp\/v2\/posts\/1540\/revisions"}],"predecessor-version":[{"id":1542,"href":"https:\/\/blog.liesdoch.de\/index.php?rest_route=\/wp\/v2\/posts\/1540\/revisions\/1542"}],"wp:attachment":[{"href":"https:\/\/blog.liesdoch.de\/index.php?rest_route=%2Fwp%2Fv2%2Fmedia&parent=1540"}],"wp:term":[{"taxonomy":"category","embeddable":true,"href":"https:\/\/blog.liesdoch.de\/index.php?rest_route=%2Fwp%2Fv2%2Fcategories&post=1540"},{"taxonomy":"post_tag","embeddable":true,"href":"https:\/\/blog.liesdoch.de\/index.php?rest_route=%2Fwp%2Fv2%2Ftags&post=1540"}],"curies":[{"name":"wp","href":"https:\/\/api.w.org\/{rel}","templated":true}]}}