{"id":1585,"date":"2016-03-29T11:06:44","date_gmt":"2016-03-29T09:06:44","guid":{"rendered":"http:\/\/blog.liesdoch.de\/?p=1585"},"modified":"2016-03-29T11:06:44","modified_gmt":"2016-03-29T09:06:44","slug":"die-ganze-wahrheit-ueber-alles","status":"publish","type":"post","link":"https:\/\/blog.liesdoch.de\/?p=1585","title":{"rendered":"Die ganze Wahrheit \u00fcber alles"},"content":{"rendered":"<p><a href=\"http:\/\/blog.liesdoch.de\/wp-content\/uploads\/2016\/03\/44136330z.jpg\"><img loading=\"lazy\" decoding=\"async\" class=\"alignnone size-medium wp-image-1586\" src=\"http:\/\/blog.liesdoch.de\/wp-content\/uploads\/2016\/03\/44136330z-192x300.jpg\" alt=\"44136330z\" width=\"192\" height=\"300\" srcset=\"https:\/\/blog.liesdoch.de\/wp-content\/uploads\/2016\/03\/44136330z-192x300.jpg 192w, https:\/\/blog.liesdoch.de\/wp-content\/uploads\/2016\/03\/44136330z.jpg 270w\" sizes=\"auto, (max-width: 192px) 100vw, 192px\" \/><\/a><\/p>\n<p>&nbsp;<\/p>\n<p>Sven B\u00f6ttcher, Mathias Br\u00f6ckers, Die ganze Wahrheit \u00fcber alles, Westend 2016, ISBN 978-3-86489-122-9<\/p>\n<p>\u201eWie wir unsere Zukunft doch noch retten k\u00f6nnen\u201c \u2013 mit diesem Versprechen wenden sich die beiden Autoren des vorliegenden Buches vor allem an die Generation der 20-30 J\u00e4hrigen, um ihnen von wie Arbeit bis zu Z wie Zuwanderer nicht nur das Ph\u00e4nomen und seine Problematik in seiner Geschichte und seiner Gegenwart zu erl\u00e4utern, sondern auch machbare Alternativen anzubieten, f\u00fcr die es sich zu engagieren und zu leben lohnt.<\/p>\n<p>Aufgebaut wie ein Lexikon werden insgesamt \u00fcber 50 Themen genau analysiert. Doch trotz der langen Literaturliste und den Anmerkungen am Ende des Buches liest es sich sehr gut, wie man das von den fr\u00fcheren B\u00fcchern der beiden auch hat erwarten k\u00f6nnen. Mal engagiert, mal launig und dann wieder emp\u00f6rt erheben sie ihre Stimme, ohne an einer einzigen Stelle in jene Endzeitstimmung zu verfallen, die man bei den meisten B\u00fcchern und Statements dieser Art schon lange nicht mehr h\u00f6ren kann.<\/p>\n<p>Immer folgt die Erl\u00e4uterung des jeweiligen Begriffs oder Ph\u00e4nomens einer klaren Dreiteilung. Zun\u00e4chst wird beschrieben, was einmal damit gemeint war. Dann wird die gegenw\u00e4rtige Realit\u00e4t mit all ihren Defiziten und M\u00e4ngeln beschrieben und am Ende folgt unter der \u00dcberschrift \u201eWas ihr daraus machen werdet\u201c eine optimistische \u201cZumutung\u201c an die jungen Leser. Das Buch versteht sich also als Ermutigung, Dinge zu \u00e4ndern, von denen es sonst hei\u00dft, sie seien zu kompliziert und sowieso nicht mehr zu retten.<\/p>\n<p>Ein Zitat des lateinamerikanischen Schriftstellers Eduardo Galeano am Ende des Buches ist Zusammenfassung und Motto zugleich:<br \/>\n\u201cDie verkehrte Welt bedeutet uns, die Wirklichkeit zu ertragen, anstatt sie zu ver\u00e4ndern, die Vergangenheit zu vergessen, anstatt ihr zuzuh\u00f6ren, und die Zukunft hinzunehmen, anstatt sie uns vorzustellen.\u201d<\/p>\n","protected":false},"excerpt":{"rendered":"<p>&nbsp; Sven B\u00f6ttcher, Mathias Br\u00f6ckers, Die ganze Wahrheit \u00fcber alles, Westend 2016, ISBN 978-3-86489-122-9 \u201eWie wir unsere Zukunft doch noch retten k\u00f6nnen\u201c \u2013 mit diesem Versprechen wenden sich die beiden Autoren des vorliegenden Buches vor allem an die Generation der 20-30 J\u00e4hrigen, um ihnen von wie Arbeit bis zu Z wie Zuwanderer nicht nur das &hellip; <a href=\"https:\/\/blog.liesdoch.de\/?p=1585\" class=\"more-link\"><span class=\"screen-reader-text\">Die ganze Wahrheit \u00fcber alles<\/span> weiterlesen <span class=\"meta-nav\">&rarr;<\/span><\/a><\/p>\n","protected":false},"author":6,"featured_media":0,"comment_status":"open","ping_status":"open","sticky":false,"template":"","format":"standard","meta":{"footnotes":""},"categories":[1],"tags":[164],"class_list":["post-1585","post","type-post","status-publish","format-standard","hentry","category-allgemein","tag-zukunft"],"_links":{"self":[{"href":"https:\/\/blog.liesdoch.de\/index.php?rest_route=\/wp\/v2\/posts\/1585","targetHints":{"allow":["GET"]}}],"collection":[{"href":"https:\/\/blog.liesdoch.de\/index.php?rest_route=\/wp\/v2\/posts"}],"about":[{"href":"https:\/\/blog.liesdoch.de\/index.php?rest_route=\/wp\/v2\/types\/post"}],"author":[{"embeddable":true,"href":"https:\/\/blog.liesdoch.de\/index.php?rest_route=\/wp\/v2\/users\/6"}],"replies":[{"embeddable":true,"href":"https:\/\/blog.liesdoch.de\/index.php?rest_route=%2Fwp%2Fv2%2Fcomments&post=1585"}],"version-history":[{"count":1,"href":"https:\/\/blog.liesdoch.de\/index.php?rest_route=\/wp\/v2\/posts\/1585\/revisions"}],"predecessor-version":[{"id":1587,"href":"https:\/\/blog.liesdoch.de\/index.php?rest_route=\/wp\/v2\/posts\/1585\/revisions\/1587"}],"wp:attachment":[{"href":"https:\/\/blog.liesdoch.de\/index.php?rest_route=%2Fwp%2Fv2%2Fmedia&parent=1585"}],"wp:term":[{"taxonomy":"category","embeddable":true,"href":"https:\/\/blog.liesdoch.de\/index.php?rest_route=%2Fwp%2Fv2%2Fcategories&post=1585"},{"taxonomy":"post_tag","embeddable":true,"href":"https:\/\/blog.liesdoch.de\/index.php?rest_route=%2Fwp%2Fv2%2Ftags&post=1585"}],"curies":[{"name":"wp","href":"https:\/\/api.w.org\/{rel}","templated":true}]}}