{"id":1632,"date":"2016-03-31T11:42:35","date_gmt":"2016-03-31T09:42:35","guid":{"rendered":"http:\/\/blog.liesdoch.de\/?p=1632"},"modified":"2016-03-31T11:42:35","modified_gmt":"2016-03-31T09:42:35","slug":"kurz-gott-himmelwaerts","status":"publish","type":"post","link":"https:\/\/blog.liesdoch.de\/?p=1632","title":{"rendered":"Kurz &amp; Gott. Himmelw\u00e4rts"},"content":{"rendered":"<p>&nbsp;<\/p>\n<p>&nbsp;<\/p>\n<p><a href=\"http:\/\/blog.liesdoch.de\/wp-content\/uploads\/2016\/03\/44310664z.jpg\"><img loading=\"lazy\" decoding=\"async\" class=\"alignnone size-medium wp-image-1633\" src=\"http:\/\/blog.liesdoch.de\/wp-content\/uploads\/2016\/03\/44310664z-190x300.jpg\" alt=\"44310664z\" width=\"190\" height=\"300\" srcset=\"https:\/\/blog.liesdoch.de\/wp-content\/uploads\/2016\/03\/44310664z-190x300.jpg 190w, https:\/\/blog.liesdoch.de\/wp-content\/uploads\/2016\/03\/44310664z.jpg 266w\" sizes=\"auto, (max-width: 190px) 100vw, 190px\" \/><\/a><\/p>\n<p>&nbsp;<\/p>\n<p>Andrea Schwarz, Kurz und Gott. Himmelw\u00e4rts, Adeo 2016, ISBN 978-3-86334-090-2<\/p>\n<p>&nbsp;<\/p>\n<p>Sie ist eine genaue und sensible Beobachterin ihrer Umwelt und der Menschen, denen sie dort begegnet und der Geschichten, die sie oft unfreiwillig erz\u00e4hlen. Andrea Schwarz z\u00e4hlt seit vielen Jahren schon zu den am meisten gelesenen christlichen Schriftstellerinnen.<\/p>\n<p>Wenn man ihr neues Buch mit Gedankensplitter, Gedichten und Einsichten sorgf\u00e4ltig liest, dann bekommt man auch eine Ahnung, warum das so ist. In kleinen Dingen ihres Alltags und ihrer Seele entdeckt sie immer wieder wichtige Botschaften Gottes an sie. Botschaften, die ihr etwas vermitteln, etwas zeigen wollen von der Sch\u00f6nheit des Lebens, von ihrem gottebenbildlichen Menschsein, von ihrer M\u00f6glichkeit, jeden Tag neu anzufangen mit sich selbst, mit anderen Menschen und mit Gott. Gott, den sie leise verk\u00fcndet als einen Freund und v\u00e4terlichen Begleiter, der seine kleinen, oft unscheinbaren Gr\u00fc\u00dfe mitten in unseren Alltag schickt, einen Alltag, den wir oft vor ihm verschlie\u00dfen und ihn deshalb nicht h\u00f6ren und wahrnehmen k\u00f6nnen. Diese Poesie l\u00e4sst kurz innehalten, nachdenken und neue Sichtweisen auf das eigene Leben zulassen. Sie ermutigt zu Selbsterkenntnis und zu eigenen Schritten.<\/p>\n<p>Unaufgeregte Schritte hin zu mehr Freiheit. Freiheit immer verstanden als eine, die aus der Bindung und Verwurzelung in Gottes Segen und Verhei\u00dfung sich speist.<\/p>\n<p>Ein sch\u00f6nes Geschenk f\u00fcr Menschen, die sich in ihrer Tiefe ansprechen lassen wollen.<\/p>\n<p>&nbsp;<\/p>\n<p>&nbsp;<\/p>\n","protected":false},"excerpt":{"rendered":"<p>&nbsp; &nbsp; &nbsp; Andrea Schwarz, Kurz und Gott. Himmelw\u00e4rts, Adeo 2016, ISBN 978-3-86334-090-2 &nbsp; Sie ist eine genaue und sensible Beobachterin ihrer Umwelt und der Menschen, denen sie dort begegnet und der Geschichten, die sie oft unfreiwillig erz\u00e4hlen. Andrea Schwarz z\u00e4hlt seit vielen Jahren schon zu den am meisten gelesenen christlichen Schriftstellerinnen. Wenn man ihr &hellip; <a href=\"https:\/\/blog.liesdoch.de\/?p=1632\" class=\"more-link\"><span class=\"screen-reader-text\">Kurz &amp; Gott. Himmelw\u00e4rts<\/span> weiterlesen <span class=\"meta-nav\">&rarr;<\/span><\/a><\/p>\n","protected":false},"author":6,"featured_media":0,"comment_status":"open","ping_status":"open","sticky":false,"template":"","format":"standard","meta":{"footnotes":""},"categories":[1],"tags":[339],"class_list":["post-1632","post","type-post","status-publish","format-standard","hentry","category-allgemein","tag-spiritualitaet"],"_links":{"self":[{"href":"https:\/\/blog.liesdoch.de\/index.php?rest_route=\/wp\/v2\/posts\/1632","targetHints":{"allow":["GET"]}}],"collection":[{"href":"https:\/\/blog.liesdoch.de\/index.php?rest_route=\/wp\/v2\/posts"}],"about":[{"href":"https:\/\/blog.liesdoch.de\/index.php?rest_route=\/wp\/v2\/types\/post"}],"author":[{"embeddable":true,"href":"https:\/\/blog.liesdoch.de\/index.php?rest_route=\/wp\/v2\/users\/6"}],"replies":[{"embeddable":true,"href":"https:\/\/blog.liesdoch.de\/index.php?rest_route=%2Fwp%2Fv2%2Fcomments&post=1632"}],"version-history":[{"count":1,"href":"https:\/\/blog.liesdoch.de\/index.php?rest_route=\/wp\/v2\/posts\/1632\/revisions"}],"predecessor-version":[{"id":1634,"href":"https:\/\/blog.liesdoch.de\/index.php?rest_route=\/wp\/v2\/posts\/1632\/revisions\/1634"}],"wp:attachment":[{"href":"https:\/\/blog.liesdoch.de\/index.php?rest_route=%2Fwp%2Fv2%2Fmedia&parent=1632"}],"wp:term":[{"taxonomy":"category","embeddable":true,"href":"https:\/\/blog.liesdoch.de\/index.php?rest_route=%2Fwp%2Fv2%2Fcategories&post=1632"},{"taxonomy":"post_tag","embeddable":true,"href":"https:\/\/blog.liesdoch.de\/index.php?rest_route=%2Fwp%2Fv2%2Ftags&post=1632"}],"curies":[{"name":"wp","href":"https:\/\/api.w.org\/{rel}","templated":true}]}}