{"id":1637,"date":"2016-03-31T12:35:59","date_gmt":"2016-03-31T10:35:59","guid":{"rendered":"http:\/\/blog.liesdoch.de\/?p=1637"},"modified":"2016-03-31T12:35:59","modified_gmt":"2016-03-31T10:35:59","slug":"unsere-kinder","status":"publish","type":"post","link":"https:\/\/blog.liesdoch.de\/?p=1637","title":{"rendered":"Unsere Kinder"},"content":{"rendered":"<p>&nbsp;<\/p>\n<p><a href=\"http:\/\/blog.liesdoch.de\/wp-content\/uploads\/2016\/03\/44125425z.jpg\"><img loading=\"lazy\" decoding=\"async\" class=\"alignnone size-medium wp-image-1638\" src=\"http:\/\/blog.liesdoch.de\/wp-content\/uploads\/2016\/03\/44125425z-188x300.jpg\" alt=\"44125425z\" width=\"188\" height=\"300\" srcset=\"https:\/\/blog.liesdoch.de\/wp-content\/uploads\/2016\/03\/44125425z-188x300.jpg 188w, https:\/\/blog.liesdoch.de\/wp-content\/uploads\/2016\/03\/44125425z.jpg 264w\" sizes=\"auto, (max-width: 188px) 100vw, 188px\" \/><\/a><\/p>\n<p>&nbsp;<\/p>\n<p>Reimer Gronemeyer, Michaela Fink, Unsere Kinder. Was sie f\u00fcr die Zukunft wirklich stark macht, G\u00fctersloher Verlag 2016, ISBN 978-3-579-08928-7<\/p>\n<p>&nbsp;<\/p>\n<p>Dies ist ein Buch f\u00fcr Eltern und die, die es noch werden wollen, die sich Sorgen machen, wenn sie an die Zukunft ihrer Kinder denken. Der Zustand der Welt und unserer Gesellschaft machen ihnen Angst, dass ihre Kinder noch so aufwachsen k\u00f6nnen, wie sie es aus ihrer eigenen Kindheit kannten. Und so verfallen viele Eltern in erzieherische Hektik und p\u00e4dagogische Panik und enden als Helikoptereltern zum Schaden ihrer Kinder.<\/p>\n<p>Die beiden Autoren fragen: \u201eSind unsere Kinder eigentlich auf die globalen und lokalen Krisen, in die sie st\u00fcrzen werden, vorbereitet? Sind sie imstande, sich die Zeitgeistzipfelm\u00fctze vom Kopf zu rei\u00dfen, um sich auf den Weg zu machen, der aus der Ich-Gesellschaft herausf\u00fchrt?\u201c<\/p>\n<p>Und dann erl\u00e4utern sie in sieben Kapiteln die Elemente von Pers\u00f6nlichkeitsbildung, die sie f\u00fcr die kommende Generation f\u00fcr wichtig halten:<\/p>\n<p>&nbsp;<\/p>\n<ol>\n<li>Was Kinder wirklich wissen m\u00fcssen<\/li>\n<li>Ein Aus f\u00fcr die Helikopter-Eltern<\/li>\n<li>Vom Narzissmus zum Du<\/li>\n<li>Vom Gl\u00fcck der Verschiedenheit<\/li>\n<li>Digitalisierung als Chance<\/li>\n<li>ADHS, Social Freezing und der Sinn von Parenting Apps<\/li>\n<li>St\u00e4rke. Der Weg in die richtige Richtung<\/li>\n<\/ol>\n<p>Schon aus den \u00dcberschriften wird ersichtlich, dass es um ganz andere Werte und F\u00e4higkeiten geht als die, die in diesen Tagen hochgehalten werden. Wenn man mit Jugendlichen spricht, bekommt man auch den Eindruck, dass sie viele davon schon antizipieren in ihren W\u00fcnschen und Tr\u00e4umen f\u00fcr ihr Leben.<\/p>\n<p>Sie werden vielleicht nicht die Fehler machen, nach denen die Australierin Bronnie Ware Menschen an ihrem Lebensende fragte. Sie h\u00f6rte f\u00fcnf zentrale Aussagen:<\/p>\n<p>\u201e1. Ich w\u00fcnschte, ich h\u00e4tte den Mut gehabt, mir selbst treu zu bleiben,\u00a0\u00a0 statt so zu leben, wie andere es von mir erwarten.<\/p>\n<ol start=\"2\">\n<li>Ich w\u00fcnschte, ich h\u00e4tte nicht so viel gearbeitet.<\/li>\n<li>Ich w\u00fcnschte, ich h\u00e4tte den Mut gehabt, meinen Gef\u00fchlen Ausdruck zu verleihen.<\/li>\n<li>Ich w\u00fcnschte, ich h\u00e4tte den Kontakt zu meinen Freunden gehalten.<\/li>\n<li>Ich w\u00fcnschte, ich h\u00e4tte mir mehr Freude geg\u00f6nnt.\u201c<\/li>\n<\/ol>\n<p>Starke Kinder sind Kinder, die von ihren Eltern dazu befreit werden, sich treu zu bleiben, nicht nur zu arbeiten, ihren Gef\u00fchlen Ausdruck zu geben, Freunde zu haben und sich Freude zu g\u00f6nnen.<\/p>\n<p>Ein wichtiges, ehrliches, in vielem ern\u00fcchterndes, am Ende aber immer Mut machendes Buch.<\/p>\n<p>&nbsp;<\/p>\n<p>&nbsp;<\/p>\n<p>&nbsp;<\/p>\n<p>&nbsp;<\/p>\n","protected":false},"excerpt":{"rendered":"<p>&nbsp; &nbsp; Reimer Gronemeyer, Michaela Fink, Unsere Kinder. Was sie f\u00fcr die Zukunft wirklich stark macht, G\u00fctersloher Verlag 2016, ISBN 978-3-579-08928-7 &nbsp; Dies ist ein Buch f\u00fcr Eltern und die, die es noch werden wollen, die sich Sorgen machen, wenn sie an die Zukunft ihrer Kinder denken. Der Zustand der Welt und unserer Gesellschaft machen &hellip; <a href=\"https:\/\/blog.liesdoch.de\/?p=1637\" class=\"more-link\"><span class=\"screen-reader-text\">Unsere Kinder<\/span> weiterlesen <span class=\"meta-nav\">&rarr;<\/span><\/a><\/p>\n","protected":false},"author":6,"featured_media":0,"comment_status":"open","ping_status":"open","sticky":false,"template":"","format":"standard","meta":{"footnotes":""},"categories":[1],"tags":[],"class_list":["post-1637","post","type-post","status-publish","format-standard","hentry","category-allgemein"],"_links":{"self":[{"href":"https:\/\/blog.liesdoch.de\/index.php?rest_route=\/wp\/v2\/posts\/1637","targetHints":{"allow":["GET"]}}],"collection":[{"href":"https:\/\/blog.liesdoch.de\/index.php?rest_route=\/wp\/v2\/posts"}],"about":[{"href":"https:\/\/blog.liesdoch.de\/index.php?rest_route=\/wp\/v2\/types\/post"}],"author":[{"embeddable":true,"href":"https:\/\/blog.liesdoch.de\/index.php?rest_route=\/wp\/v2\/users\/6"}],"replies":[{"embeddable":true,"href":"https:\/\/blog.liesdoch.de\/index.php?rest_route=%2Fwp%2Fv2%2Fcomments&post=1637"}],"version-history":[{"count":1,"href":"https:\/\/blog.liesdoch.de\/index.php?rest_route=\/wp\/v2\/posts\/1637\/revisions"}],"predecessor-version":[{"id":1639,"href":"https:\/\/blog.liesdoch.de\/index.php?rest_route=\/wp\/v2\/posts\/1637\/revisions\/1639"}],"wp:attachment":[{"href":"https:\/\/blog.liesdoch.de\/index.php?rest_route=%2Fwp%2Fv2%2Fmedia&parent=1637"}],"wp:term":[{"taxonomy":"category","embeddable":true,"href":"https:\/\/blog.liesdoch.de\/index.php?rest_route=%2Fwp%2Fv2%2Fcategories&post=1637"},{"taxonomy":"post_tag","embeddable":true,"href":"https:\/\/blog.liesdoch.de\/index.php?rest_route=%2Fwp%2Fv2%2Ftags&post=1637"}],"curies":[{"name":"wp","href":"https:\/\/api.w.org\/{rel}","templated":true}]}}