{"id":1665,"date":"2016-04-06T08:49:15","date_gmt":"2016-04-06T06:49:15","guid":{"rendered":"http:\/\/blog.liesdoch.de\/?p=1665"},"modified":"2016-04-06T08:49:15","modified_gmt":"2016-04-06T06:49:15","slug":"will-aber","status":"publish","type":"post","link":"https:\/\/blog.liesdoch.de\/?p=1665","title":{"rendered":"Will aber!"},"content":{"rendered":"<p>&nbsp;<\/p>\n<p><a href=\"http:\/\/blog.liesdoch.de\/wp-content\/uploads\/2016\/04\/42804131z.jpg\"><img loading=\"lazy\" decoding=\"async\" class=\"alignnone size-medium wp-image-1666\" src=\"http:\/\/blog.liesdoch.de\/wp-content\/uploads\/2016\/04\/42804131z-300x300.jpg\" alt=\"42804131z\" width=\"300\" height=\"300\" srcset=\"https:\/\/blog.liesdoch.de\/wp-content\/uploads\/2016\/04\/42804131z-300x300.jpg 300w, https:\/\/blog.liesdoch.de\/wp-content\/uploads\/2016\/04\/42804131z-150x150.jpg 150w, https:\/\/blog.liesdoch.de\/wp-content\/uploads\/2016\/04\/42804131z.jpg 340w\" sizes=\"auto, (max-width: 300px) 100vw, 300px\" \/><\/a><\/p>\n<p>&nbsp;<\/p>\n<p>Ingmar Wendland, Nina Dulleck, Will aber, Coppenrath\u00a0 2015, ISBN 978-3-649-61989-5<\/p>\n<p>&nbsp;<\/p>\n<p>Es gibt bei jedem Kind eine Phase, in der sie das eigene Ich entdecken, ihren Willen und auch die entsprechenden Sprache um das auszudr\u00fccken. F\u00fcr die Eltern ist diese Phase nicht immer leicht, denn es soll alles nach dem Kopf der Kinder gehen, was diese nicht selten mit ihrer eigenen, vielleicht damals strengeren Erziehung konfrontiert oder auch nur ihren Sinn nach Ordnung oder ihren Zeitplan durcheinander bringt.<\/p>\n<p>Das vorliegende in sch\u00f6nen Reimen gefasste Bilderbuch f\u00fcr Kinder bis etwa 2 Jahren erz\u00e4hlt von allt\u00e4glichen Situationen und bietet jeweils eine m\u00f6gliche L\u00f6sung an. Auf diese Weise wird auf eine liebevolle und humorvolle Weise die erste Auseinandersetzung mit den eigenen Gef\u00fchlen ge\u00fcbt.<\/p>\n<p>Ein Menschenkind, das bei dieser Entwicklung von Eltern liebevoll und mit Bindung begleitet wird, wird sp\u00e4ter besser mit seinen Gef\u00fchlen umgehen k\u00f6nnen.<\/p>\n","protected":false},"excerpt":{"rendered":"<p>&nbsp; &nbsp; Ingmar Wendland, Nina Dulleck, Will aber, Coppenrath\u00a0 2015, ISBN 978-3-649-61989-5 &nbsp; Es gibt bei jedem Kind eine Phase, in der sie das eigene Ich entdecken, ihren Willen und auch die entsprechenden Sprache um das auszudr\u00fccken. F\u00fcr die Eltern ist diese Phase nicht immer leicht, denn es soll alles nach dem Kopf der Kinder &hellip; <a href=\"https:\/\/blog.liesdoch.de\/?p=1665\" class=\"more-link\"><span class=\"screen-reader-text\">Will aber!<\/span> weiterlesen <span class=\"meta-nav\">&rarr;<\/span><\/a><\/p>\n","protected":false},"author":6,"featured_media":0,"comment_status":"open","ping_status":"open","sticky":false,"template":"","format":"standard","meta":{"footnotes":""},"categories":[1],"tags":[33],"class_list":["post-1665","post","type-post","status-publish","format-standard","hentry","category-allgemein","tag-bilderbuch"],"_links":{"self":[{"href":"https:\/\/blog.liesdoch.de\/index.php?rest_route=\/wp\/v2\/posts\/1665","targetHints":{"allow":["GET"]}}],"collection":[{"href":"https:\/\/blog.liesdoch.de\/index.php?rest_route=\/wp\/v2\/posts"}],"about":[{"href":"https:\/\/blog.liesdoch.de\/index.php?rest_route=\/wp\/v2\/types\/post"}],"author":[{"embeddable":true,"href":"https:\/\/blog.liesdoch.de\/index.php?rest_route=\/wp\/v2\/users\/6"}],"replies":[{"embeddable":true,"href":"https:\/\/blog.liesdoch.de\/index.php?rest_route=%2Fwp%2Fv2%2Fcomments&post=1665"}],"version-history":[{"count":1,"href":"https:\/\/blog.liesdoch.de\/index.php?rest_route=\/wp\/v2\/posts\/1665\/revisions"}],"predecessor-version":[{"id":1667,"href":"https:\/\/blog.liesdoch.de\/index.php?rest_route=\/wp\/v2\/posts\/1665\/revisions\/1667"}],"wp:attachment":[{"href":"https:\/\/blog.liesdoch.de\/index.php?rest_route=%2Fwp%2Fv2%2Fmedia&parent=1665"}],"wp:term":[{"taxonomy":"category","embeddable":true,"href":"https:\/\/blog.liesdoch.de\/index.php?rest_route=%2Fwp%2Fv2%2Fcategories&post=1665"},{"taxonomy":"post_tag","embeddable":true,"href":"https:\/\/blog.liesdoch.de\/index.php?rest_route=%2Fwp%2Fv2%2Ftags&post=1665"}],"curies":[{"name":"wp","href":"https:\/\/api.w.org\/{rel}","templated":true}]}}