{"id":1676,"date":"2016-04-07T10:51:52","date_gmt":"2016-04-07T08:51:52","guid":{"rendered":"http:\/\/blog.liesdoch.de\/?p=1676"},"modified":"2016-04-07T10:51:52","modified_gmt":"2016-04-07T08:51:52","slug":"maennergebete","status":"publish","type":"post","link":"https:\/\/blog.liesdoch.de\/?p=1676","title":{"rendered":"M\u00e4nnergebete"},"content":{"rendered":"<p>&nbsp;<\/p>\n<p>&nbsp;<\/p>\n<p><a href=\"http:\/\/blog.liesdoch.de\/wp-content\/uploads\/2016\/04\/41844192z.jpg\"><img loading=\"lazy\" decoding=\"async\" class=\"alignnone size-medium wp-image-1677\" src=\"http:\/\/blog.liesdoch.de\/wp-content\/uploads\/2016\/04\/41844192z-186x300.jpg\" alt=\"41844192z\" width=\"186\" height=\"300\" srcset=\"https:\/\/blog.liesdoch.de\/wp-content\/uploads\/2016\/04\/41844192z-186x300.jpg 186w, https:\/\/blog.liesdoch.de\/wp-content\/uploads\/2016\/04\/41844192z.jpg 261w\" sizes=\"auto, (max-width: 186px) 100vw, 186px\" \/><\/a><\/p>\n<p>Andreas Ebert (Hg.) M\u00e4nnergebete, Claudius 2015, ISBN 978-3-532-62469-2<\/p>\n<p>&nbsp;<\/p>\n<p>Ein kleines Buch ist es und ein idealer Wegbegleiter wo immer sich mann auch befindet. Von Andreas Ebert, von dem schon viele B\u00fccher \u00fcber die Spiritualit\u00e4t von M\u00e4nnern vorliegen, herausgegeben und mit einem Vorwort versehen, versammelt das B\u00fcchlein Gebete von ihm selbst, von Anselm Gr\u00fcn, Richard Rohr, Pierre Stutz und vielen anderen M\u00e4nnern, die Gott suchen und sich selbst.<\/p>\n<p>Diese Gebete lesend und mitsprechend kann man durchaus einen Zugang finden zu sich selbst, zu Gott und dem Mann aus Nazareth. Sie atmen den Duft einer Theologie die, die Freiheit des Menschen liebt und ihm neue Horizonte er\u00f6ffnen will<br \/>\nDie thematische Einteilung der Gebete erleichtert den Gebrauch des Buches:<\/p>\n<ul>\n<li>mit Gott unterwegs<\/li>\n<li>Leben, Lieben, Leidenschaft<\/li>\n<li>Vaterwunde, Mutterwunde<\/li>\n<li>M\u00e4nnergebete der Bibel<\/li>\n<li>Kraftort Natur<\/li>\n<li>Zwiesprache mit Gott: das Herzensgebet<\/li>\n<li>starke Worte f\u00fcr schwache Momente.<\/li>\n<\/ul>\n<p>Das B\u00fcchlein ermutigt M\u00e4nner, ihre eigene spirituelle Sprache zu finden.<\/p>\n<p>&nbsp;<\/p>\n","protected":false},"excerpt":{"rendered":"<p>&nbsp; &nbsp; Andreas Ebert (Hg.) M\u00e4nnergebete, Claudius 2015, ISBN 978-3-532-62469-2 &nbsp; Ein kleines Buch ist es und ein idealer Wegbegleiter wo immer sich mann auch befindet. Von Andreas Ebert, von dem schon viele B\u00fccher \u00fcber die Spiritualit\u00e4t von M\u00e4nnern vorliegen, herausgegeben und mit einem Vorwort versehen, versammelt das B\u00fcchlein Gebete von ihm selbst, von Anselm &hellip; <a href=\"https:\/\/blog.liesdoch.de\/?p=1676\" class=\"more-link\"><span class=\"screen-reader-text\">M\u00e4nnergebete<\/span> weiterlesen <span class=\"meta-nav\">&rarr;<\/span><\/a><\/p>\n","protected":false},"author":6,"featured_media":0,"comment_status":"open","ping_status":"open","sticky":false,"template":"","format":"standard","meta":{"footnotes":""},"categories":[1],"tags":[339],"class_list":["post-1676","post","type-post","status-publish","format-standard","hentry","category-allgemein","tag-spiritualitaet"],"_links":{"self":[{"href":"https:\/\/blog.liesdoch.de\/index.php?rest_route=\/wp\/v2\/posts\/1676","targetHints":{"allow":["GET"]}}],"collection":[{"href":"https:\/\/blog.liesdoch.de\/index.php?rest_route=\/wp\/v2\/posts"}],"about":[{"href":"https:\/\/blog.liesdoch.de\/index.php?rest_route=\/wp\/v2\/types\/post"}],"author":[{"embeddable":true,"href":"https:\/\/blog.liesdoch.de\/index.php?rest_route=\/wp\/v2\/users\/6"}],"replies":[{"embeddable":true,"href":"https:\/\/blog.liesdoch.de\/index.php?rest_route=%2Fwp%2Fv2%2Fcomments&post=1676"}],"version-history":[{"count":1,"href":"https:\/\/blog.liesdoch.de\/index.php?rest_route=\/wp\/v2\/posts\/1676\/revisions"}],"predecessor-version":[{"id":1678,"href":"https:\/\/blog.liesdoch.de\/index.php?rest_route=\/wp\/v2\/posts\/1676\/revisions\/1678"}],"wp:attachment":[{"href":"https:\/\/blog.liesdoch.de\/index.php?rest_route=%2Fwp%2Fv2%2Fmedia&parent=1676"}],"wp:term":[{"taxonomy":"category","embeddable":true,"href":"https:\/\/blog.liesdoch.de\/index.php?rest_route=%2Fwp%2Fv2%2Fcategories&post=1676"},{"taxonomy":"post_tag","embeddable":true,"href":"https:\/\/blog.liesdoch.de\/index.php?rest_route=%2Fwp%2Fv2%2Ftags&post=1676"}],"curies":[{"name":"wp","href":"https:\/\/api.w.org\/{rel}","templated":true}]}}