{"id":1684,"date":"2016-04-11T12:39:01","date_gmt":"2016-04-11T10:39:01","guid":{"rendered":"http:\/\/blog.liesdoch.de\/?p=1684"},"modified":"2016-04-11T12:39:01","modified_gmt":"2016-04-11T10:39:01","slug":"ich-bin-ein-gast-auf-erden","status":"publish","type":"post","link":"https:\/\/blog.liesdoch.de\/?p=1684","title":{"rendered":"Ich bin ein Gast auf Erden"},"content":{"rendered":"<p>&nbsp;<\/p>\n<p>&nbsp;<\/p>\n<p>&nbsp;<\/p>\n<p><span style=\"text-decoration: underline\"><a href=\"http:\/\/blog.liesdoch.de\/wp-content\/uploads\/2016\/04\/44123592z1.jpg\"><img loading=\"lazy\" decoding=\"async\" class=\"alignnone size-medium wp-image-1686\" src=\"http:\/\/blog.liesdoch.de\/wp-content\/uploads\/2016\/04\/44123592z1-188x300.jpg\" alt=\"44123592z\" width=\"188\" height=\"300\" srcset=\"https:\/\/blog.liesdoch.de\/wp-content\/uploads\/2016\/04\/44123592z1-188x300.jpg 188w, https:\/\/blog.liesdoch.de\/wp-content\/uploads\/2016\/04\/44123592z1.jpg 264w\" sizes=\"auto, (max-width: 188px) 100vw, 188px\" \/><\/a><\/span><\/p>\n<p>&nbsp;<\/p>\n<p>&nbsp;<\/p>\n<p>Manfred Josuttis, Ich bin ein Gast auf Erden, G\u00fctersloher Verlagshaus 2016, ISBN n978-3-579-08230-1<\/p>\n<p>Obwohl ich ihn nie pers\u00f6nlich kennen gelernt oder bei ihm ein Seminar besucht oder eine Vorlesung geh\u00f6rt habe, war Manfred Josuttis mit Beginn der \u00dcbernahme des ersten Pfarramtes mit seinen B\u00fcchern ein treuer und kritischer Begleiter einer Praxis, die sich unterscheiden wollte. Die die Welt hinein nahm in die Verk\u00fcndigung, die den Menschen nah und der Botschaft verpflichtet sein wollte.<\/p>\n<p>Besonders die B\u00fccher \u201eDer Pfarrer ist anders\u201c\u00a0 (1987) und \u201eDie Einf\u00fchrung in das Leben\u201c haben mir im Pfarramt auf dem Dorf immer wieder Mut gemacht und mich zur kritischen Reflexion der eigenen Lebens- und Arbeitspraxis herausgefordert. Schon im Studium war sein 1974 erschienenes Werk \u201ePraxis des Evangeliums zwischen Politik und Religion\u201c ein Buch, das die angehenden Pfarrer und Religionslehrer ermutigte und aufforderte und zu einer neuen, ver\u00e4nderten Pastoral.<\/p>\n<p>Nun liegt mir, selbst schon im Ruhestand ein kleines Buch des 80- j\u00e4hrigen Emeritus vor, in dem er sein Leben bilanziert, an seine Lehrer und Lehrerinnen erinnert, die K\u00e4mpfe und Konflikte seine Lebens und Lehrens beschreibt.\u00a0 Das gerade auch f\u00fcr junge Theologen und Christen empfehlenswerte Buch macht deutlich, warum die Theologie von Manfred Josuttis f\u00fcr eine ganze Generation zwischen 1975 und 1995 etwa so anziehend gewesen ist.<\/p>\n<p>Ob seine Texte auch heute noch in der evangelischen Pastoraltheologie besprochen und diskutiert werden, entzieht sich meiner Kenntnis.\u00a0 Wert w\u00e4ren sie es allema<\/p>\n","protected":false},"excerpt":{"rendered":"<p>&nbsp; &nbsp; &nbsp; &nbsp; &nbsp; Manfred Josuttis, Ich bin ein Gast auf Erden, G\u00fctersloher Verlagshaus 2016, ISBN n978-3-579-08230-1 Obwohl ich ihn nie pers\u00f6nlich kennen gelernt oder bei ihm ein Seminar besucht oder eine Vorlesung geh\u00f6rt habe, war Manfred Josuttis mit Beginn der \u00dcbernahme des ersten Pfarramtes mit seinen B\u00fcchern ein treuer und kritischer Begleiter einer &hellip; <a href=\"https:\/\/blog.liesdoch.de\/?p=1684\" class=\"more-link\"><span class=\"screen-reader-text\">Ich bin ein Gast auf Erden<\/span> weiterlesen <span class=\"meta-nav\">&rarr;<\/span><\/a><\/p>\n","protected":false},"author":6,"featured_media":0,"comment_status":"open","ping_status":"open","sticky":false,"template":"","format":"standard","meta":{"footnotes":""},"categories":[1],"tags":[],"class_list":["post-1684","post","type-post","status-publish","format-standard","hentry","category-allgemein"],"_links":{"self":[{"href":"https:\/\/blog.liesdoch.de\/index.php?rest_route=\/wp\/v2\/posts\/1684","targetHints":{"allow":["GET"]}}],"collection":[{"href":"https:\/\/blog.liesdoch.de\/index.php?rest_route=\/wp\/v2\/posts"}],"about":[{"href":"https:\/\/blog.liesdoch.de\/index.php?rest_route=\/wp\/v2\/types\/post"}],"author":[{"embeddable":true,"href":"https:\/\/blog.liesdoch.de\/index.php?rest_route=\/wp\/v2\/users\/6"}],"replies":[{"embeddable":true,"href":"https:\/\/blog.liesdoch.de\/index.php?rest_route=%2Fwp%2Fv2%2Fcomments&post=1684"}],"version-history":[{"count":1,"href":"https:\/\/blog.liesdoch.de\/index.php?rest_route=\/wp\/v2\/posts\/1684\/revisions"}],"predecessor-version":[{"id":1687,"href":"https:\/\/blog.liesdoch.de\/index.php?rest_route=\/wp\/v2\/posts\/1684\/revisions\/1687"}],"wp:attachment":[{"href":"https:\/\/blog.liesdoch.de\/index.php?rest_route=%2Fwp%2Fv2%2Fmedia&parent=1684"}],"wp:term":[{"taxonomy":"category","embeddable":true,"href":"https:\/\/blog.liesdoch.de\/index.php?rest_route=%2Fwp%2Fv2%2Fcategories&post=1684"},{"taxonomy":"post_tag","embeddable":true,"href":"https:\/\/blog.liesdoch.de\/index.php?rest_route=%2Fwp%2Fv2%2Ftags&post=1684"}],"curies":[{"name":"wp","href":"https:\/\/api.w.org\/{rel}","templated":true}]}}