{"id":1689,"date":"2016-04-11T13:21:38","date_gmt":"2016-04-11T11:21:38","guid":{"rendered":"http:\/\/blog.liesdoch.de\/?p=1689"},"modified":"2016-04-11T13:21:38","modified_gmt":"2016-04-11T11:21:38","slug":"luftkinder","status":"publish","type":"post","link":"https:\/\/blog.liesdoch.de\/?p=1689","title":{"rendered":"Luftkinder"},"content":{"rendered":"<p>&nbsp;<\/p>\n<p>&nbsp;<\/p>\n<p><a href=\"http:\/\/blog.liesdoch.de\/wp-content\/uploads\/2016\/04\/44202983z.jpg\"><img loading=\"lazy\" decoding=\"async\" class=\"alignnone size-medium wp-image-1690\" src=\"http:\/\/blog.liesdoch.de\/wp-content\/uploads\/2016\/04\/44202983z-230x300.jpg\" alt=\"44202983z\" width=\"230\" height=\"300\" srcset=\"https:\/\/blog.liesdoch.de\/wp-content\/uploads\/2016\/04\/44202983z-230x300.jpg 230w, https:\/\/blog.liesdoch.de\/wp-content\/uploads\/2016\/04\/44202983z.jpg 322w\" sizes=\"auto, (max-width: 230px) 100vw, 230px\" \/><\/a><\/p>\n<p>Ysabel Fantou, Antonia Simon, Luftkinder, Susanna Rieder Verlag 2016, ISBN 978-3-943919-98-1<\/p>\n<p>&nbsp;<\/p>\n<p>Anna und Antonia sind beste Freundinnen. Manche w\u00fcrden vielleicht sagen: Sie waren beste Freundinnen. Denn Anna ist gestorben. Sie wurde schon krank, als sie noch ein Baby war und die Leuk\u00e4mie kehrte immer wieder zur\u00fcck, Als sie sieben Jahre alt war, starb sie.<\/p>\n<p>Und doch sind Anna und Antonia noch immer beste Freundinnen, denn Antonia tr\u00e4gt Anna weiter im Herzen. Und eines Tages begegnet sie ihr beim Spaziergang mit ihrem Hund Henry wieder. Hoch oben in den B\u00e4umen lebt Anna &#8211; als Luftkind.<\/p>\n<p>\u201eLuftkinder\u201c erz\u00e4hlt eine ebenso traurig wie tr\u00f6stliche Geschichte vom Leben und Sterben, basierend auf einer wahren Vorgeschichte. Ein ber\u00fchrendes Bilderbuch. Ein Bilderbuch, das nicht nur Kindern, die unter dem Tod von jemand, den sie liebten, leiden, sondern auch Erwachsenen eine Vorstellung geben kann, wie sie ihre Verstorbenen im Herzen tragen und ihnen nahe bleiben k\u00f6nnen.<\/p>\n<p>&nbsp;<\/p>\n","protected":false},"excerpt":{"rendered":"<p>&nbsp; &nbsp; Ysabel Fantou, Antonia Simon, Luftkinder, Susanna Rieder Verlag 2016, ISBN 978-3-943919-98-1 &nbsp; Anna und Antonia sind beste Freundinnen. Manche w\u00fcrden vielleicht sagen: Sie waren beste Freundinnen. Denn Anna ist gestorben. Sie wurde schon krank, als sie noch ein Baby war und die Leuk\u00e4mie kehrte immer wieder zur\u00fcck, Als sie sieben Jahre alt war, &hellip; <a href=\"https:\/\/blog.liesdoch.de\/?p=1689\" class=\"more-link\"><span class=\"screen-reader-text\">Luftkinder<\/span> weiterlesen <span class=\"meta-nav\">&rarr;<\/span><\/a><\/p>\n","protected":false},"author":6,"featured_media":0,"comment_status":"open","ping_status":"open","sticky":false,"template":"","format":"standard","meta":{"footnotes":""},"categories":[1],"tags":[33],"class_list":["post-1689","post","type-post","status-publish","format-standard","hentry","category-allgemein","tag-bilderbuch"],"_links":{"self":[{"href":"https:\/\/blog.liesdoch.de\/index.php?rest_route=\/wp\/v2\/posts\/1689","targetHints":{"allow":["GET"]}}],"collection":[{"href":"https:\/\/blog.liesdoch.de\/index.php?rest_route=\/wp\/v2\/posts"}],"about":[{"href":"https:\/\/blog.liesdoch.de\/index.php?rest_route=\/wp\/v2\/types\/post"}],"author":[{"embeddable":true,"href":"https:\/\/blog.liesdoch.de\/index.php?rest_route=\/wp\/v2\/users\/6"}],"replies":[{"embeddable":true,"href":"https:\/\/blog.liesdoch.de\/index.php?rest_route=%2Fwp%2Fv2%2Fcomments&post=1689"}],"version-history":[{"count":1,"href":"https:\/\/blog.liesdoch.de\/index.php?rest_route=\/wp\/v2\/posts\/1689\/revisions"}],"predecessor-version":[{"id":1691,"href":"https:\/\/blog.liesdoch.de\/index.php?rest_route=\/wp\/v2\/posts\/1689\/revisions\/1691"}],"wp:attachment":[{"href":"https:\/\/blog.liesdoch.de\/index.php?rest_route=%2Fwp%2Fv2%2Fmedia&parent=1689"}],"wp:term":[{"taxonomy":"category","embeddable":true,"href":"https:\/\/blog.liesdoch.de\/index.php?rest_route=%2Fwp%2Fv2%2Fcategories&post=1689"},{"taxonomy":"post_tag","embeddable":true,"href":"https:\/\/blog.liesdoch.de\/index.php?rest_route=%2Fwp%2Fv2%2Ftags&post=1689"}],"curies":[{"name":"wp","href":"https:\/\/api.w.org\/{rel}","templated":true}]}}