{"id":1693,"date":"2016-04-12T09:57:14","date_gmt":"2016-04-12T07:57:14","guid":{"rendered":"http:\/\/blog.liesdoch.de\/?p=1693"},"modified":"2016-04-12T09:57:14","modified_gmt":"2016-04-12T07:57:14","slug":"wir-bleiben-nicht-lange","status":"publish","type":"post","link":"https:\/\/blog.liesdoch.de\/?p=1693","title":{"rendered":"Wir bleiben nicht lange"},"content":{"rendered":"<p>&nbsp;<\/p>\n<p>&nbsp;<\/p>\n<p><a href=\"http:\/\/blog.liesdoch.de\/wp-content\/uploads\/2016\/04\/44192634z.jpg\"><img loading=\"lazy\" decoding=\"async\" class=\"alignnone size-medium wp-image-1694\" src=\"http:\/\/blog.liesdoch.de\/wp-content\/uploads\/2016\/04\/44192634z-183x300.jpg\" alt=\"44192634z\" width=\"183\" height=\"300\" srcset=\"https:\/\/blog.liesdoch.de\/wp-content\/uploads\/2016\/04\/44192634z-183x300.jpg 183w, https:\/\/blog.liesdoch.de\/wp-content\/uploads\/2016\/04\/44192634z.jpg 290w\" sizes=\"auto, (max-width: 183px) 100vw, 183px\" \/><\/a><\/p>\n<p>&nbsp;<\/p>\n<p>Marjaleena Lembcke, Wir bleiben nicht lange, Nagel &amp; Kimche 2016, ISBN 978-3-312-00688-5<\/p>\n<p>Es ist auffallend f\u00fcr mich, wie viele gute B\u00fccher in den vergangenen Jahren erschienen sind, die das Sterben und Abschiednehmen in einer belletristischen Form beschreiben.\u00a0 Ber\u00fchmte Menschen sind darunter, wie zum Beispiel der ehemalige Au\u00dfenminister Guido Westerwelle, aber auch vorher einem gr\u00f6\u00dferen Publikum eher unbekannte Autoren.<\/p>\n<p>Das hier anzuzeigende Buch ist geschrieben von einer Frau, die das Schreiben seit langem zu ihrem Beruf gemacht hat. Und das sp\u00fcrt man dem Buch von der ersten bis zur letzten Seite auch ab. Marjaleena Lembcke, hat in ihrer neuen Heimat Deutschland in einer neuen Sprache viele Kinder-und Jugendb\u00fccher geschrieben und sich dort einen Namen gemacht. Sie wurde 1945 in der finnischen Stadt Kokkola geboren und lebt bereits seit 1967 in der N\u00e4he von M\u00fcnster. Ihre B\u00fccher wurden mit vielen Preisen ausgezeichnet. Zuletzt erschien bei Nagel &amp; Kimche 2010 \u201eDie F\u00fcchse von Andorra\u201c, dessen Audiofassung im M\u00e4rz 2012 mit dem Deutschen H\u00f6rbuchpreis als bestes Kinderh\u00f6rbuch ausgezeichnet wurde.<\/p>\n<p>In \u201eWir bleiben nicht lange\u201c beschreibt sie eindrucksvoll und mit einer dichten und intensiven Sprache den Abschied zwischen Mirja und ihrer Schwester Sisko. Es ist anzunehmen, dass Marjaleena Lembcke hier stark autobiographisch gef\u00e4rbte Erfahrungen verarbeitet.<\/p>\n<p>Sisko ist unheilbar krebskrank und liegt in einer Londoner Privatklinik. Mirja, die in Deutschland lebt und dort als Schriftstellerin arbeitet, ist zu ihr geflogen um die letzte Lebenszeit mit ihrer Schwester zu teilen.<\/p>\n<p>Das ganze Buch \u00fcber reden sie \u00fcber ihre Vergangenheit, ihre Kindheit in Finnland, \u00fcber die Eltern und die Familie und immer wieder reflektieren sie ihre Beziehung als Schwestern.\u00a0 Ob sie gut oder schlecht gewesen ist, wagen sie nicht zu entscheiden. Einig sind sie sich, dass sie eng war.<\/p>\n<p>Es ist geradezu wohltuend trotz des traurigen Themas, als Leser in einen tagelangen Dialog mit hineingenommen zu sein \u00fcber eine Lebensgeschichte und Beziehung. Im Buch weiter voranschreitend, staunt man \u00fcber die ehrliche Offenheit, mit der sich dort zwei Menschen begegnen, ihr Leben und Sterben annehmen und voneinander Abschied nehmen in vers\u00f6hnter Unterschiedlichkeit und Liebe und ohne Groll.<\/p>\n<p>&nbsp;<\/p>\n<p>&nbsp;<\/p>\n<p>&nbsp;<\/p>\n<p>&nbsp;<\/p>\n<p>&nbsp;<\/p>\n","protected":false},"excerpt":{"rendered":"<p>&nbsp; &nbsp; &nbsp; Marjaleena Lembcke, Wir bleiben nicht lange, Nagel &amp; Kimche 2016, ISBN 978-3-312-00688-5 Es ist auffallend f\u00fcr mich, wie viele gute B\u00fccher in den vergangenen Jahren erschienen sind, die das Sterben und Abschiednehmen in einer belletristischen Form beschreiben.\u00a0 Ber\u00fchmte Menschen sind darunter, wie zum Beispiel der ehemalige Au\u00dfenminister Guido Westerwelle, aber auch vorher &hellip; <a href=\"https:\/\/blog.liesdoch.de\/?p=1693\" class=\"more-link\"><span class=\"screen-reader-text\">Wir bleiben nicht lange<\/span> weiterlesen <span class=\"meta-nav\">&rarr;<\/span><\/a><\/p>\n","protected":false},"author":6,"featured_media":0,"comment_status":"open","ping_status":"open","sticky":false,"template":"","format":"standard","meta":{"footnotes":""},"categories":[1],"tags":[],"class_list":["post-1693","post","type-post","status-publish","format-standard","hentry","category-allgemein"],"_links":{"self":[{"href":"https:\/\/blog.liesdoch.de\/index.php?rest_route=\/wp\/v2\/posts\/1693","targetHints":{"allow":["GET"]}}],"collection":[{"href":"https:\/\/blog.liesdoch.de\/index.php?rest_route=\/wp\/v2\/posts"}],"about":[{"href":"https:\/\/blog.liesdoch.de\/index.php?rest_route=\/wp\/v2\/types\/post"}],"author":[{"embeddable":true,"href":"https:\/\/blog.liesdoch.de\/index.php?rest_route=\/wp\/v2\/users\/6"}],"replies":[{"embeddable":true,"href":"https:\/\/blog.liesdoch.de\/index.php?rest_route=%2Fwp%2Fv2%2Fcomments&post=1693"}],"version-history":[{"count":1,"href":"https:\/\/blog.liesdoch.de\/index.php?rest_route=\/wp\/v2\/posts\/1693\/revisions"}],"predecessor-version":[{"id":1695,"href":"https:\/\/blog.liesdoch.de\/index.php?rest_route=\/wp\/v2\/posts\/1693\/revisions\/1695"}],"wp:attachment":[{"href":"https:\/\/blog.liesdoch.de\/index.php?rest_route=%2Fwp%2Fv2%2Fmedia&parent=1693"}],"wp:term":[{"taxonomy":"category","embeddable":true,"href":"https:\/\/blog.liesdoch.de\/index.php?rest_route=%2Fwp%2Fv2%2Fcategories&post=1693"},{"taxonomy":"post_tag","embeddable":true,"href":"https:\/\/blog.liesdoch.de\/index.php?rest_route=%2Fwp%2Fv2%2Ftags&post=1693"}],"curies":[{"name":"wp","href":"https:\/\/api.w.org\/{rel}","templated":true}]}}