{"id":1709,"date":"2016-04-13T09:46:26","date_gmt":"2016-04-13T07:46:26","guid":{"rendered":"http:\/\/blog.liesdoch.de\/?p=1709"},"modified":"2016-04-13T09:46:26","modified_gmt":"2016-04-13T07:46:26","slug":"wieder-land-sehen","status":"publish","type":"post","link":"https:\/\/blog.liesdoch.de\/?p=1709","title":{"rendered":"Wieder Land sehen"},"content":{"rendered":"<p>&nbsp;<\/p>\n<p><a href=\"http:\/\/blog.liesdoch.de\/wp-content\/uploads\/2016\/04\/44148226z.jpg\"><img loading=\"lazy\" decoding=\"async\" class=\"alignnone size-medium wp-image-1710\" src=\"http:\/\/blog.liesdoch.de\/wp-content\/uploads\/2016\/04\/44148226z-190x300.jpg\" alt=\"44148226z\" width=\"190\" height=\"300\" srcset=\"https:\/\/blog.liesdoch.de\/wp-content\/uploads\/2016\/04\/44148226z-190x300.jpg 190w, https:\/\/blog.liesdoch.de\/wp-content\/uploads\/2016\/04\/44148226z.jpg 301w\" sizes=\"auto, (max-width: 190px) 100vw, 190px\" \/><\/a><\/p>\n<p>&nbsp;<\/p>\n<p>Christian Firus, Wieder Land sehen. Selbsthilfe bei Depressionen, Patmos 2016, ISBN 978-3- 8436-0742-1<\/p>\n<p>&nbsp;<\/p>\n<p>\u201eSelbstf\u00fcrsorge\u201c und \u201eSelbstmitgef\u00fchl\u201c sind die beiden vielleicht wichtigsten Stichworte, an denen der Psychotherapeut Christian Firus sich in seinem neuen Ratgeber f\u00fcr Menschen die unter Depressionen leiden, orientiert und entlanggeht.<\/p>\n<p>Jeder f\u00fcnfte erkrankt in unserem Land im Laufe seines Lebens mindestens einmal an einer mehr oder weniger schweren Depression. Es kann jeden treffen und es gibt keine wirkliche Vorbeugung, au\u00dfer vielleicht der, der Selbstf\u00fcrsorge und dem Selbstmitgef\u00fchl immer und stetig einen Raum in seinem Leben zu geben. Dennoch kann es innere und \u00e4u\u00dfere Vorf\u00e4lle geben, die eine Depression zum Ausbruch kommen lassen.<\/p>\n<p>Schon bei den ersten Anzeichen von depressiven Verstimmungen k\u00f6nnen die in diesem Buch vorgestellten \u00dcbungen, Tests und Reflexionen betroffenen Menschen helfen, ihrer Selbstf\u00fcrsorge zu st\u00e4rken und den eigenen Handlungsspielraum wieder zu sp\u00fcren und Schritt f\u00fcr Schritt zu erweitern.<\/p>\n<p>Nat\u00fcrlich fehlen auch nicht wichtige Informationen zu Medikamenten und Psychotherapie und der Hinweis, sich ab einem bestimmten Grad unbedingt professionelle Hilfe zu holen.<\/p>\n<p>Das Buch richtet sich aber haupts\u00e4chlich an Menschen, die unter Selbstabwertung leiden, vielleicht schon lange seit ihrer Kindheit, die das Leben und ihren Alltag haupts\u00e4chlich als Stress und\u00a0 Belastung empfinden, die d\u00fcnnh\u00e4utig und wenig resilient sich f\u00fchlen und so besonders stark gef\u00e4hrdet sind, aus ihrer Niedergeschlagenheit und Hoffnungslosigkeit irgendwann in eine Depression abzurutschen. Sie k\u00f6nnen dieses kleine Buch sozusagen pr\u00e4ventiv nutzen und langsam aber sicher ihrer Selbstf\u00fcrsorge aufbauen wie ein kleines Haus, in dem sie gut und sicher wohnen k\u00f6nnen.<\/p>\n","protected":false},"excerpt":{"rendered":"<p>&nbsp; &nbsp; Christian Firus, Wieder Land sehen. Selbsthilfe bei Depressionen, Patmos 2016, ISBN 978-3- 8436-0742-1 &nbsp; \u201eSelbstf\u00fcrsorge\u201c und \u201eSelbstmitgef\u00fchl\u201c sind die beiden vielleicht wichtigsten Stichworte, an denen der Psychotherapeut Christian Firus sich in seinem neuen Ratgeber f\u00fcr Menschen die unter Depressionen leiden, orientiert und entlanggeht. Jeder f\u00fcnfte erkrankt in unserem Land im Laufe seines Lebens &hellip; <a href=\"https:\/\/blog.liesdoch.de\/?p=1709\" class=\"more-link\"><span class=\"screen-reader-text\">Wieder Land sehen<\/span> weiterlesen <span class=\"meta-nav\">&rarr;<\/span><\/a><\/p>\n","protected":false},"author":6,"featured_media":0,"comment_status":"open","ping_status":"open","sticky":false,"template":"","format":"standard","meta":{"footnotes":""},"categories":[1],"tags":[394],"class_list":["post-1709","post","type-post","status-publish","format-standard","hentry","category-allgemein","tag-ratgeber-depression"],"_links":{"self":[{"href":"https:\/\/blog.liesdoch.de\/index.php?rest_route=\/wp\/v2\/posts\/1709","targetHints":{"allow":["GET"]}}],"collection":[{"href":"https:\/\/blog.liesdoch.de\/index.php?rest_route=\/wp\/v2\/posts"}],"about":[{"href":"https:\/\/blog.liesdoch.de\/index.php?rest_route=\/wp\/v2\/types\/post"}],"author":[{"embeddable":true,"href":"https:\/\/blog.liesdoch.de\/index.php?rest_route=\/wp\/v2\/users\/6"}],"replies":[{"embeddable":true,"href":"https:\/\/blog.liesdoch.de\/index.php?rest_route=%2Fwp%2Fv2%2Fcomments&post=1709"}],"version-history":[{"count":1,"href":"https:\/\/blog.liesdoch.de\/index.php?rest_route=\/wp\/v2\/posts\/1709\/revisions"}],"predecessor-version":[{"id":1711,"href":"https:\/\/blog.liesdoch.de\/index.php?rest_route=\/wp\/v2\/posts\/1709\/revisions\/1711"}],"wp:attachment":[{"href":"https:\/\/blog.liesdoch.de\/index.php?rest_route=%2Fwp%2Fv2%2Fmedia&parent=1709"}],"wp:term":[{"taxonomy":"category","embeddable":true,"href":"https:\/\/blog.liesdoch.de\/index.php?rest_route=%2Fwp%2Fv2%2Fcategories&post=1709"},{"taxonomy":"post_tag","embeddable":true,"href":"https:\/\/blog.liesdoch.de\/index.php?rest_route=%2Fwp%2Fv2%2Ftags&post=1709"}],"curies":[{"name":"wp","href":"https:\/\/api.w.org\/{rel}","templated":true}]}}