{"id":1737,"date":"2016-04-19T11:34:15","date_gmt":"2016-04-19T09:34:15","guid":{"rendered":"http:\/\/blog.liesdoch.de\/?p=1737"},"modified":"2016-04-19T11:34:15","modified_gmt":"2016-04-19T09:34:15","slug":"einer-fuer-alle-alle-fuer-einen","status":"publish","type":"post","link":"https:\/\/blog.liesdoch.de\/?p=1737","title":{"rendered":"Einer f\u00fcr Alle &#8211; Alle f\u00fcr Einen"},"content":{"rendered":"<p>&nbsp;<\/p>\n<p><a href=\"http:\/\/blog.liesdoch.de\/wp-content\/uploads\/2016\/04\/14513657z.jpg\"><img loading=\"lazy\" decoding=\"async\" class=\"alignnone size-medium wp-image-1738\" src=\"http:\/\/blog.liesdoch.de\/wp-content\/uploads\/2016\/04\/14513657z-225x300.jpg\" alt=\"14513657z\" width=\"225\" height=\"300\" srcset=\"https:\/\/blog.liesdoch.de\/wp-content\/uploads\/2016\/04\/14513657z-225x300.jpg 225w, https:\/\/blog.liesdoch.de\/wp-content\/uploads\/2016\/04\/14513657z.jpg 315w\" sizes=\"auto, (max-width: 225px) 100vw, 225px\" \/><\/a><\/p>\n<p>&nbsp;<\/p>\n<p>Brigitte Weninger, Eve Tharlet, Einer f\u00fcr Alle- Alle f\u00fcr Einen, Minedition 2016, ISBN 978-3-86566-342-9<\/p>\n<p>&nbsp;<\/p>\n<p>In diesem sch\u00f6nen Bilderbuch geht es um das wichtige Thema der Inklusion. Da wird erz\u00e4hlt von einer Maus namens Max, die k\u00f6rperbehindert ist. Sein einer Fu\u00df ist k\u00fcrzer als der andere. Deshalb stolpert er oft, steht aber immer wieder auf und macht weiter.<\/p>\n<p>Unterwegs auf seinem Weg in die Welt (seine Mama hat ihn mit den sch\u00f6nen Worten verabschiedet: \u201eGeh immer deinen Tr\u00e4umen nach und vergiss nie, dass du etwas Besonderes bist. Dann wirst du auch besonders gute Freunde finden!\u201c) begegnet er einem Maulwurf, der nicht gut sehen kann, einem Frosch, der schlecht h\u00f6rt und spricht und einer Amsel und einem \u00e4ngstlichen kleinen Igel.<\/p>\n<p>Als ein Gewitter im Anzug ist, da sp\u00fcren die Freunde etwas von ihrem Zusammenhalt und welche Kraft das ihnen gibt. Sie k\u00f6nnen ihre Angst vor dem Gewitter besiegen und sogar der kleine Igel tr\u00e4gt etwas dazu bei.<\/p>\n<p>Jeder kann etwas Besonders und alle zusammen unendlich viel. Einer f\u00fcr Alle und Alle f\u00fcr Einen!<\/p>\n<p>Ein sch\u00f6nes Bilderbuch zu einem wichtigen Thema.<\/p>\n<p>&nbsp;<\/p>\n<p>&nbsp;<\/p>\n<p>&nbsp;<\/p>\n","protected":false},"excerpt":{"rendered":"<p>&nbsp; &nbsp; Brigitte Weninger, Eve Tharlet, Einer f\u00fcr Alle- Alle f\u00fcr Einen, Minedition 2016, ISBN 978-3-86566-342-9 &nbsp; In diesem sch\u00f6nen Bilderbuch geht es um das wichtige Thema der Inklusion. Da wird erz\u00e4hlt von einer Maus namens Max, die k\u00f6rperbehindert ist. Sein einer Fu\u00df ist k\u00fcrzer als der andere. Deshalb stolpert er oft, steht aber immer &hellip; <a href=\"https:\/\/blog.liesdoch.de\/?p=1737\" class=\"more-link\"><span class=\"screen-reader-text\">Einer f\u00fcr Alle &#8211; Alle f\u00fcr Einen<\/span> weiterlesen <span class=\"meta-nav\">&rarr;<\/span><\/a><\/p>\n","protected":false},"author":6,"featured_media":0,"comment_status":"open","ping_status":"open","sticky":false,"template":"","format":"standard","meta":{"footnotes":""},"categories":[1],"tags":[33,396],"class_list":["post-1737","post","type-post","status-publish","format-standard","hentry","category-allgemein","tag-bilderbuch","tag-inklusion"],"_links":{"self":[{"href":"https:\/\/blog.liesdoch.de\/index.php?rest_route=\/wp\/v2\/posts\/1737","targetHints":{"allow":["GET"]}}],"collection":[{"href":"https:\/\/blog.liesdoch.de\/index.php?rest_route=\/wp\/v2\/posts"}],"about":[{"href":"https:\/\/blog.liesdoch.de\/index.php?rest_route=\/wp\/v2\/types\/post"}],"author":[{"embeddable":true,"href":"https:\/\/blog.liesdoch.de\/index.php?rest_route=\/wp\/v2\/users\/6"}],"replies":[{"embeddable":true,"href":"https:\/\/blog.liesdoch.de\/index.php?rest_route=%2Fwp%2Fv2%2Fcomments&post=1737"}],"version-history":[{"count":1,"href":"https:\/\/blog.liesdoch.de\/index.php?rest_route=\/wp\/v2\/posts\/1737\/revisions"}],"predecessor-version":[{"id":1739,"href":"https:\/\/blog.liesdoch.de\/index.php?rest_route=\/wp\/v2\/posts\/1737\/revisions\/1739"}],"wp:attachment":[{"href":"https:\/\/blog.liesdoch.de\/index.php?rest_route=%2Fwp%2Fv2%2Fmedia&parent=1737"}],"wp:term":[{"taxonomy":"category","embeddable":true,"href":"https:\/\/blog.liesdoch.de\/index.php?rest_route=%2Fwp%2Fv2%2Fcategories&post=1737"},{"taxonomy":"post_tag","embeddable":true,"href":"https:\/\/blog.liesdoch.de\/index.php?rest_route=%2Fwp%2Fv2%2Ftags&post=1737"}],"curies":[{"name":"wp","href":"https:\/\/api.w.org\/{rel}","templated":true}]}}