{"id":1753,"date":"2016-04-21T08:29:35","date_gmt":"2016-04-21T06:29:35","guid":{"rendered":"http:\/\/blog.liesdoch.de\/?p=1753"},"modified":"2016-04-21T08:29:35","modified_gmt":"2016-04-21T06:29:35","slug":"das-vergessliche-eichhoernchen","status":"publish","type":"post","link":"https:\/\/blog.liesdoch.de\/?p=1753","title":{"rendered":"Das vergessliche Eichh\u00f6rnchen"},"content":{"rendered":"<p>&nbsp;<\/p>\n<p>&nbsp;<\/p>\n<p>&nbsp;<\/p>\n<p><a href=\"http:\/\/blog.liesdoch.de\/wp-content\/uploads\/2016\/04\/44324438z.jpg\"><img loading=\"lazy\" decoding=\"async\" class=\"alignnone size-medium wp-image-1754\" src=\"http:\/\/blog.liesdoch.de\/wp-content\/uploads\/2016\/04\/44324438z-300x227.jpg\" alt=\"44324438z\" width=\"300\" height=\"227\" srcset=\"https:\/\/blog.liesdoch.de\/wp-content\/uploads\/2016\/04\/44324438z-300x227.jpg 300w, https:\/\/blog.liesdoch.de\/wp-content\/uploads\/2016\/04\/44324438z.jpg 340w\" sizes=\"auto, (max-width: 300px) 100vw, 300px\" \/><\/a><\/p>\n<p>&nbsp;<\/p>\n<p>Susanne Timbers, Das vergessliche Eichh\u00f6rnchen, Minedition 2016, ISBN 978-3-86566-267-5<\/p>\n<p>&nbsp;<\/p>\n<p>Die ist ein sch\u00f6nes und feinf\u00fchliges Buch, das den Kindern am Beispiel einer Geschichte aus der Tierwelt das Ph\u00e4nomen von Demenz und Alzheimer bei Menschen nahebringen soll. Ein Ph\u00e4nomen, das immer mehr Kinder bei ihren eigenen Gro\u00df- oder Urgro\u00dfeltern erleben und damit klarkommen m\u00fcssen.<\/p>\n<p>Das Buch erz\u00e4hlt die Geschichte von Eichh\u00f6rnchen, das alt und vergesslich geworden ist. Es wei\u00df nicht mehr, wo es seine N\u00fcsse als Vorrat f\u00fcr den langen Winter versteckt hat. Zum Gl\u00fcck hat das Eichh\u00f6rnchen Freunde, die ihm dabei helfen, mit einem Ged\u00e4chtnistraining die N\u00fcsse wiederzufinden<\/p>\n<p>So weit so gut. Die Tiere bereiten sich auf den Winterschlaf vor. Nicht so der clevere Eichelh\u00e4her, der versucht, dem Eichh\u00f6rnchen den Nussvorrat abzuluchsen. Vor lauter Aufregung im Kopf wird das Eichh\u00f6rnchen ohnm\u00e4chtig, und der Eichelh\u00e4her bekommt es mit der Angst zu tun und ruft die anderen Tiere um Hilfe.<\/p>\n<p>Mit einem gemeinsamen Nussmahl besiegeln sie ihre zuk\u00fcnftige Freundschaft, denn der Eichelh\u00e4her verspricht, dem Eichh\u00f6rnchen in Zukunft zu helfen.<\/p>\n<p>Im Anhang hat die Biologin Tanja Dietrich alle wichtige Informationen gesammelt \u201e wie Tiere den kalten Winter \u00fcberstehen.\u201c<\/p>\n<p>Ein sch\u00f6nes, lehrreiches und sensibles Bilderbuch.<\/p>\n<p>&nbsp;<\/p>\n","protected":false},"excerpt":{"rendered":"<p>&nbsp; &nbsp; &nbsp; &nbsp; Susanne Timbers, Das vergessliche Eichh\u00f6rnchen, Minedition 2016, ISBN 978-3-86566-267-5 &nbsp; Die ist ein sch\u00f6nes und feinf\u00fchliges Buch, das den Kindern am Beispiel einer Geschichte aus der Tierwelt das Ph\u00e4nomen von Demenz und Alzheimer bei Menschen nahebringen soll. Ein Ph\u00e4nomen, das immer mehr Kinder bei ihren eigenen Gro\u00df- oder Urgro\u00dfeltern erleben und &hellip; <a href=\"https:\/\/blog.liesdoch.de\/?p=1753\" class=\"more-link\"><span class=\"screen-reader-text\">Das vergessliche Eichh\u00f6rnchen<\/span> weiterlesen <span class=\"meta-nav\">&rarr;<\/span><\/a><\/p>\n","protected":false},"author":6,"featured_media":0,"comment_status":"open","ping_status":"open","sticky":false,"template":"","format":"standard","meta":{"footnotes":""},"categories":[1],"tags":[33,177],"class_list":["post-1753","post","type-post","status-publish","format-standard","hentry","category-allgemein","tag-bilderbuch","tag-demenz"],"_links":{"self":[{"href":"https:\/\/blog.liesdoch.de\/index.php?rest_route=\/wp\/v2\/posts\/1753","targetHints":{"allow":["GET"]}}],"collection":[{"href":"https:\/\/blog.liesdoch.de\/index.php?rest_route=\/wp\/v2\/posts"}],"about":[{"href":"https:\/\/blog.liesdoch.de\/index.php?rest_route=\/wp\/v2\/types\/post"}],"author":[{"embeddable":true,"href":"https:\/\/blog.liesdoch.de\/index.php?rest_route=\/wp\/v2\/users\/6"}],"replies":[{"embeddable":true,"href":"https:\/\/blog.liesdoch.de\/index.php?rest_route=%2Fwp%2Fv2%2Fcomments&post=1753"}],"version-history":[{"count":1,"href":"https:\/\/blog.liesdoch.de\/index.php?rest_route=\/wp\/v2\/posts\/1753\/revisions"}],"predecessor-version":[{"id":1755,"href":"https:\/\/blog.liesdoch.de\/index.php?rest_route=\/wp\/v2\/posts\/1753\/revisions\/1755"}],"wp:attachment":[{"href":"https:\/\/blog.liesdoch.de\/index.php?rest_route=%2Fwp%2Fv2%2Fmedia&parent=1753"}],"wp:term":[{"taxonomy":"category","embeddable":true,"href":"https:\/\/blog.liesdoch.de\/index.php?rest_route=%2Fwp%2Fv2%2Fcategories&post=1753"},{"taxonomy":"post_tag","embeddable":true,"href":"https:\/\/blog.liesdoch.de\/index.php?rest_route=%2Fwp%2Fv2%2Ftags&post=1753"}],"curies":[{"name":"wp","href":"https:\/\/api.w.org\/{rel}","templated":true}]}}