{"id":177,"date":"2015-06-01T11:43:14","date_gmt":"2015-06-01T09:43:14","guid":{"rendered":"http:\/\/blog.liesdoch.de\/?p=177"},"modified":"2015-06-01T11:43:14","modified_gmt":"2015-06-01T09:43:14","slug":"kraft-der-neue-weg-zu-innerer-staerke","status":"publish","type":"post","link":"https:\/\/blog.liesdoch.de\/?p=177","title":{"rendered":"Kraft. Der neue Weg zu innerer St\u00e4rke"},"content":{"rendered":"<p>&nbsp;<\/p>\n<p><a href=\"http:\/\/blog.liesdoch.de\/wp-content\/uploads\/2015\/06\/41831613n.jpg\"><img loading=\"lazy\" decoding=\"async\" class=\"alignnone size-full wp-image-178\" src=\"http:\/\/blog.liesdoch.de\/wp-content\/uploads\/2015\/06\/41831613n.jpg\" alt=\"41831613n\" width=\"156\" height=\"250\" \/><\/a><\/p>\n<p>&nbsp;<\/p>\n<p>&nbsp;<\/p>\n<p>Claudia Croos-M\u00fcller, , K\u00f6sel 2015, ISBN 978-3-466-31047-0<\/p>\n<p>&nbsp;<\/p>\n<p>Schon seit vielen Jahren hat sich in der psychologischen Forschung ein Begriff etabliert, mit dem die Forscher eine immer wieder bei einigen ihrer Patienten und Klienten beobachtete Kraft bezeichnen, mit Hilfe derer sie aus einer deprimierenden Situation wieder in das normale und volle Leben zur\u00fcckkehren konnten. Mit der sie Widerstand leisten konnten gegen die sie bisher krank machenden Zumutungen ihrer Umwelt und mit der sie wieder optimistisch ihren Blick nach vorne richten und ihr eigenes Leben im Griff behalten konnten.<\/p>\n<p>Die Schweizer Paar-, Familien- und Organisationsberaterin Rosmarie Welter-Enderlin hat Resilienz schon fr\u00fch ein &#8222;Gedeihen trotz widriger Umst\u00e4nde&#8220; genannt. Es bezeichnet eine psychische F\u00e4higkeit von Individuen, die durch verschiedene Gr\u00fcnde vielen Menschen in der heutigen Zeit abhanden gekommen ist, beziehungsweise sie waren gar nicht der Lage, sie in ihrer Kindheit und Jugend zu entwickeln.<\/p>\n<p>Die Psyche besitzt eine Art Schutzschirm, die den Menschen krisenfest macht. Der Kern der Resilienz ist das unersch\u00fctterliche Vertrauen in die F\u00e4higkeit, sein eigenes Leben in den Griff zu bekommen. Dieses Vertrauen st\u00fctzt sich auf sieben S\u00e4ulen unserer inneren St\u00e4rke: Optimismus, Bew\u00e4ltigungsorientierung, Verlassen der Opferrolle, Akzeptanz, Verantwortung, aktive Zukunftsplanung, Netzwerke und Freundschaften.<\/p>\n<p>Robert Brooks hat 2008 im Klett-Cotta Verlag ein Buch ver\u00f6ffentlicht mit dem Titel. &#8222;Das Resilienz-Buch. Wie Eltern ihre Kinder f\u00fcrs Leben st\u00e4rken&#8220;, das wertvolle Hinweise gibt daf\u00fcr, wie Eltern durch eine entsprechende Haltung ihre Kinder so st\u00e4rken f\u00fcr ihr Leben, dass sie bei kommenden Krise nicht jedes Mal eine Therapie brauchen, sondern ihr Leben selbst\u00e4ndig bew\u00e4ltigen k\u00f6nnen.<\/p>\n<p>Die Neurologin und Psychotherapeutin Claudia Croos-M\u00fcller weist in dem hier vorliegenden \u00dcbungsbuch einen neuen \u201eWeg zu innerer St\u00e4rke\u201c. Das Buch will f\u00fcr seine Leser ein Resilienztraining sein, es will Mut machen auf die Kraft des Anfangs zu vertrauen uns sich auf den Weg zu machen.<\/p>\n<p>In vier Kapiteln ist das Buch nachvollziehbar aufgebaut:<\/p>\n<ul>\n<li>Lebenskraft und Resilienz \u2013 ein krisenfester Schatz<\/li>\n<li>Was st\u00e4rkt uns, was schw\u00e4cht uns?<\/li>\n<li>Resilienz durch Charaktertugenden<\/li>\n<\/ul>\n<p>(dieses Kapitel ragt heraus, ich habe diesen Ansatz bei anderen B\u00fcchern \u00fcber Resilienz so nicht gefunden)<\/p>\n<ul>\n<li>Resilienz allt\u00e4glich kultivieren<\/li>\n<\/ul>\n<p>Die von Claudia Croos-M\u00fcller entwickelte Body2Brain \u2013Methode enth\u00e4lt gezielte, einfache K\u00f6rper\u00fcbungen, die Gehirnstrukturen und Gehirnaktivit\u00e4ten positiv beeinflussen. Mit ihnen kann jeder sein mentales Kraftpotenzial f\u00f6rdern und ein starkes Lebensgef\u00fchl entwickeln.<\/p>\n<p>&nbsp;<\/p>\n<p>&nbsp;<\/p>\n<p>&nbsp;<\/p>\n<p>&nbsp;<\/p>\n<p>&nbsp;<\/p>\n<p>&nbsp;<\/p>\n<p>&nbsp;<\/p>\n<p>&nbsp;<\/p>\n<p>&nbsp;<\/p>\n<p>&nbsp;<\/p>\n<p>&nbsp;<\/p>\n<p>&nbsp;<\/p>\n<p>&nbsp;<\/p>\n<p>&nbsp;<\/p>\n","protected":false},"excerpt":{"rendered":"<p>&nbsp; &nbsp; &nbsp; Claudia Croos-M\u00fcller, , K\u00f6sel 2015, ISBN 978-3-466-31047-0 &nbsp; Schon seit vielen Jahren hat sich in der psychologischen Forschung ein Begriff etabliert, mit dem die Forscher eine immer wieder bei einigen ihrer Patienten und Klienten beobachtete Kraft bezeichnen, mit Hilfe derer sie aus einer deprimierenden Situation wieder in das normale und volle Leben &hellip; <a href=\"https:\/\/blog.liesdoch.de\/?p=177\" class=\"more-link\"><span class=\"screen-reader-text\">Kraft. Der neue Weg zu innerer St\u00e4rke<\/span> weiterlesen <span class=\"meta-nav\">&rarr;<\/span><\/a><\/p>\n","protected":false},"author":6,"featured_media":0,"comment_status":"open","ping_status":"open","sticky":false,"template":"","format":"standard","meta":{"footnotes":""},"categories":[1],"tags":[60,32,61],"class_list":["post-177","post","type-post","status-publish","format-standard","hentry","category-allgemein","tag-body2brain-methode","tag-resilienz","tag-uebungsbuch"],"_links":{"self":[{"href":"https:\/\/blog.liesdoch.de\/index.php?rest_route=\/wp\/v2\/posts\/177","targetHints":{"allow":["GET"]}}],"collection":[{"href":"https:\/\/blog.liesdoch.de\/index.php?rest_route=\/wp\/v2\/posts"}],"about":[{"href":"https:\/\/blog.liesdoch.de\/index.php?rest_route=\/wp\/v2\/types\/post"}],"author":[{"embeddable":true,"href":"https:\/\/blog.liesdoch.de\/index.php?rest_route=\/wp\/v2\/users\/6"}],"replies":[{"embeddable":true,"href":"https:\/\/blog.liesdoch.de\/index.php?rest_route=%2Fwp%2Fv2%2Fcomments&post=177"}],"version-history":[{"count":1,"href":"https:\/\/blog.liesdoch.de\/index.php?rest_route=\/wp\/v2\/posts\/177\/revisions"}],"predecessor-version":[{"id":179,"href":"https:\/\/blog.liesdoch.de\/index.php?rest_route=\/wp\/v2\/posts\/177\/revisions\/179"}],"wp:attachment":[{"href":"https:\/\/blog.liesdoch.de\/index.php?rest_route=%2Fwp%2Fv2%2Fmedia&parent=177"}],"wp:term":[{"taxonomy":"category","embeddable":true,"href":"https:\/\/blog.liesdoch.de\/index.php?rest_route=%2Fwp%2Fv2%2Fcategories&post=177"},{"taxonomy":"post_tag","embeddable":true,"href":"https:\/\/blog.liesdoch.de\/index.php?rest_route=%2Fwp%2Fv2%2Ftags&post=177"}],"curies":[{"name":"wp","href":"https:\/\/api.w.org\/{rel}","templated":true}]}}