{"id":1786,"date":"2016-04-25T13:27:57","date_gmt":"2016-04-25T11:27:57","guid":{"rendered":"http:\/\/blog.liesdoch.de\/?p=1786"},"modified":"2016-04-25T13:27:57","modified_gmt":"2016-04-25T11:27:57","slug":"die-welt-auf-dem-kopf","status":"publish","type":"post","link":"https:\/\/blog.liesdoch.de\/?p=1786","title":{"rendered":"Die Welt auf dem Kopf"},"content":{"rendered":"<p>&nbsp;<\/p>\n<p>&nbsp;<\/p>\n<p>&nbsp;<\/p>\n<p><a href=\"http:\/\/blog.liesdoch.de\/wp-content\/uploads\/2016\/04\/43902407z.jpg\"><img loading=\"lazy\" decoding=\"async\" class=\"alignnone size-medium wp-image-1787\" src=\"http:\/\/blog.liesdoch.de\/wp-content\/uploads\/2016\/04\/43902407z-188x300.jpg\" alt=\"43902407z\" width=\"188\" height=\"300\" srcset=\"https:\/\/blog.liesdoch.de\/wp-content\/uploads\/2016\/04\/43902407z-188x300.jpg 188w, https:\/\/blog.liesdoch.de\/wp-content\/uploads\/2016\/04\/43902407z.jpg 298w\" sizes=\"auto, (max-width: 188px) 100vw, 188px\" \/><\/a><\/p>\n<p>Milena Agus, Die Welt auf dem Kopf, DTV 2016, ISBN 978-3-423-14491-9<\/p>\n<p>&nbsp;<\/p>\n<p>In diesem Roman f\u00fchrt Milena Agus ihre Leser nach Cagliari, der Stadt auf Sardinien, wo sie lebt und wo sie als Lehrerin Italienisch und Geschichte unterrichtet. Sie beschreibt das Leben der Bewohner eines alten, einst noblen Palazzos in einem ziemlich heruntergekommenen Stadtviertel der Hafenstadt. In einzelne Wohnungen aufgeteilt leben in dem alten Haus sehr unterschiedliche Menschen, unter anderem die namenslose Erz\u00e4hlerin des Buches, eine Studentin, die vor allem von der gro\u00dfen Liebe tr\u00e4umt<\/p>\n<p>Im obersten Stockwerk wohnt \u201eder Signore von oben\u201c, ein amerikanischer Violinist namens Johnson, der wohl gro\u00dfe Tage gesehen hat, nun aber sich mit gelegentlichen Engagements auf Kreuzfahrtschiffen zufrieden gibt. Seine Frau ist ihm seit langem schon davon gelaufen, und da sie das Geld in die Ehe brachte, lebt \u201eder Signore von oben\u201c recht bescheiden. Wenn er unterwegs ist, darf die Erz\u00e4hlerin seine Blumen gie\u00dfen.<\/p>\n<p>Im untersten Gescho\u00df wohnt Anna, \u201edie Signora von unten\u201c zusammen mit ihrer Tochter Natascha. Natascha hat studiert, teilt aber das Los vieler s\u00fcdeurop\u00e4ischer junger Menschen und ist arbeitslos. Sie ist verlobt mit einem jungen Mann und hat panische Angst, dass der sich in eine andere Frau verlieben k\u00f6nnte, Deshalb darf die Erz\u00e4hlerin auch nie mit beiden zusammenkommen. Anna, Nataschas Mutter, wiederum versucht mit drei verschiedenen Jobs sich und ihre Tochter \u00fcber Wasser zu halten und ergreift, als sich die Gelegenheit bietet, ihre Chance und wird Mr. Johnsons Haush\u00e4lterin und wohl auch Geliebte. Ihren schon \u00e4lteren K\u00f6rper h\u00fcllt sie in verf\u00fchrerische Dessous, um Mr. Johnson etwas Gutes zu tun.<\/p>\n<p>Doch schon bald ver\u00e4ndern zwei Menschen, die pl\u00f6tzlich auftauchen die ganze Szene. Zun\u00e4chst Mr. Johnsons Sohn, in den sich die Erz\u00e4hlerin verliebt, bis sie erkennen muss, dass der Mann ihrer Tr\u00e4ume zwar unendlich sympathisch, aber leider schwul ist. Und es taucht auf Mrs. Johnson, die sofort den Braten riecht, Anna wieder nach unten schickt und im oberen Stockwerk wieder die Regie \u00fcbernehmen m\u00f6chte.<\/p>\n<p>Mit ihrer aus ihren anderen Romanen bekannten Art erz\u00e4hlt Milena Agus eine ebenso traurige wie lustige Geschichte voller \u00fcberraschender Wendungen. Und voller genialer S\u00e4tze wie diesen:<\/p>\n<p>\u201eInzwischen glaube ich, wenn man will, das ein Menschen einem unsympathisch bleibt, muss man um jeden Preis verhindern, dass man ihn n\u00e4her kennenlernt.\u201c<\/p>\n<p>&nbsp;<\/p>\n","protected":false},"excerpt":{"rendered":"<p>&nbsp; &nbsp; &nbsp; Milena Agus, Die Welt auf dem Kopf, DTV 2016, ISBN 978-3-423-14491-9 &nbsp; In diesem Roman f\u00fchrt Milena Agus ihre Leser nach Cagliari, der Stadt auf Sardinien, wo sie lebt und wo sie als Lehrerin Italienisch und Geschichte unterrichtet. Sie beschreibt das Leben der Bewohner eines alten, einst noblen Palazzos in einem ziemlich &hellip; <a href=\"https:\/\/blog.liesdoch.de\/?p=1786\" class=\"more-link\"><span class=\"screen-reader-text\">Die Welt auf dem Kopf<\/span> weiterlesen <span class=\"meta-nav\">&rarr;<\/span><\/a><\/p>\n","protected":false},"author":6,"featured_media":0,"comment_status":"open","ping_status":"open","sticky":false,"template":"","format":"standard","meta":{"footnotes":""},"categories":[1],"tags":[],"class_list":["post-1786","post","type-post","status-publish","format-standard","hentry","category-allgemein"],"_links":{"self":[{"href":"https:\/\/blog.liesdoch.de\/index.php?rest_route=\/wp\/v2\/posts\/1786","targetHints":{"allow":["GET"]}}],"collection":[{"href":"https:\/\/blog.liesdoch.de\/index.php?rest_route=\/wp\/v2\/posts"}],"about":[{"href":"https:\/\/blog.liesdoch.de\/index.php?rest_route=\/wp\/v2\/types\/post"}],"author":[{"embeddable":true,"href":"https:\/\/blog.liesdoch.de\/index.php?rest_route=\/wp\/v2\/users\/6"}],"replies":[{"embeddable":true,"href":"https:\/\/blog.liesdoch.de\/index.php?rest_route=%2Fwp%2Fv2%2Fcomments&post=1786"}],"version-history":[{"count":1,"href":"https:\/\/blog.liesdoch.de\/index.php?rest_route=\/wp\/v2\/posts\/1786\/revisions"}],"predecessor-version":[{"id":1788,"href":"https:\/\/blog.liesdoch.de\/index.php?rest_route=\/wp\/v2\/posts\/1786\/revisions\/1788"}],"wp:attachment":[{"href":"https:\/\/blog.liesdoch.de\/index.php?rest_route=%2Fwp%2Fv2%2Fmedia&parent=1786"}],"wp:term":[{"taxonomy":"category","embeddable":true,"href":"https:\/\/blog.liesdoch.de\/index.php?rest_route=%2Fwp%2Fv2%2Fcategories&post=1786"},{"taxonomy":"post_tag","embeddable":true,"href":"https:\/\/blog.liesdoch.de\/index.php?rest_route=%2Fwp%2Fv2%2Ftags&post=1786"}],"curies":[{"name":"wp","href":"https:\/\/api.w.org\/{rel}","templated":true}]}}