{"id":1795,"date":"2016-04-26T11:25:52","date_gmt":"2016-04-26T09:25:52","guid":{"rendered":"http:\/\/blog.liesdoch.de\/?p=1795"},"modified":"2016-04-26T11:25:52","modified_gmt":"2016-04-26T09:25:52","slug":"graeser-der-nacht","status":"publish","type":"post","link":"https:\/\/blog.liesdoch.de\/?p=1795","title":{"rendered":"Gr\u00e4ser der Nacht"},"content":{"rendered":"<p>&nbsp;<\/p>\n<p><a href=\"http:\/\/blog.liesdoch.de\/wp-content\/uploads\/2016\/04\/43902082z.jpg\"><img loading=\"lazy\" decoding=\"async\" class=\"alignnone size-medium wp-image-1796\" src=\"http:\/\/blog.liesdoch.de\/wp-content\/uploads\/2016\/04\/43902082z-188x300.jpg\" alt=\"43902082z\" width=\"188\" height=\"300\" srcset=\"https:\/\/blog.liesdoch.de\/wp-content\/uploads\/2016\/04\/43902082z-188x300.jpg 188w, https:\/\/blog.liesdoch.de\/wp-content\/uploads\/2016\/04\/43902082z.jpg 298w\" sizes=\"auto, (max-width: 188px) 100vw, 188px\" \/><\/a><\/p>\n<p>&nbsp;<\/p>\n<p>Patrick Modiano, Gr\u00e4ser der Nacht, DTV 2016, ISBN 978-3-423-14494-0<\/p>\n<p>Der vorliegende Roman von Patrick Modiano ist das erste von ihm auf Deutsch ver\u00f6ffentlichte Buch seit der Verleihung des Literaturnobelpreises. Entsprechend beworben, waren die Erwartungen sicher nicht nur des Rezensenten an dieses Buch gro\u00df.<\/p>\n<p>Doch schon zu Beginn der Lekt\u00fcre dieses Liebesromans auf dem historischen Hintergrund der bis heute wenig verarbeiteten franz\u00f6sischen Kolonialpolitik in Nordafrika, stellt sich Verwunderung ein.\u00a0 Wie als h\u00e4tte er mittlerweile eine andere Auffassung vom Schreiben, experimentiert Modiano mit seinem Stoff und mutet zun\u00e4chst dem Leser auch sprachlich einiges zu.<\/p>\n<p>Der Ich-Erz\u00e4hler Jean erinnert sich aus dem zeitlichen Anstand eines halben Jahrhunderts und seines ganzen Lebens daran, wie und unter welchen Umst\u00e4nden er Mitte der sechziger Jahre des 20.Jahrhunderts die r\u00e4tselhafte und bezaubernde Dannie kennenlernt. Sie bewegt sich in konspirativen Kreisen und durch das Nachwort der \u00dcbersetzerin Elisabeth Edl schon sensibilisiert, ahnt der aufmerksame Leser, dass all diese M\u00e4nner, denen Jean da begegnet, etwas zu tun haben mit den marokkanischen Exilpolitikern und ihrem Widerstand, der am 29.Oktober 1965 in der Entf\u00fchrung und Ermordung von Ben Barka gipfelte. Ein Mord, in den franz\u00f6sische Polizei- und Geheimdienstkr\u00e4fte verwickelt waren und dessen Umst\u00e4nde bis heue nicht gekl\u00e4rt sind. Regierungen von rechts bis links haben sich einer Aufkl\u00e4rung bisher verweigert.<\/p>\n<p>Jean und Dannie kommen sich n\u00e4her, und er schreckt auch nicht zur\u00fcck, als sie ihn\u00a0 fragt, was er tun w\u00fcrde, wenn sich herausstellen w\u00fcrde, dass sie jemanden umgebracht hat:<br \/>\n\u201e\u2018Was ich sagen w\u00fcrde? Nichts\u2018, erwiderte er und war sich sicher, dass er auch heute, Jahrzehnte sp\u00e4ter, dieselbe Antwort geben w\u00fcrde. \u201aDenn haben wir das Recht, \u00fcber die zu urteilen, die wir lieben?\u2018, \u00fcberlegte er jetzt wie damals.\u201c<br \/>\nDoch als Dannie, mittlerweile von der Polizei gesucht, pl\u00f6tzlich spurlos verschwindet, sind Jeans Hoffnungen dahin.<\/p>\n<p>Jean erinnert sich nun am Ende seines Lebens mit Hilfe seines damaligen schwarzen Notizbuchs nicht nur an die Namen sondern auch an die Orte, die er nun in der Gegenwart wieder aufsucht in der Hoffnung weitere Erinnerungen zu l\u00f6sen aus seinem Ged\u00e4chtnis. Er schreibt unchronologisch auf f\u00fcr sich selbst und die Nachwelt, an was er sich erinnert. Er zieht seine Kreise um die Schaupl\u00e4tze von damals, die heute anders genutzt werden und immer wieder dreht\u00a0 es sich um den zuletzt pensionierten Kommissar Langlais, den H\u00fcter seines Lebensgeheimnisses.<\/p>\n<p>Auf dem Klappentext wird das Buch mit einem Film noir verglichen. Vielleicht ist es das, was den neuen Roman von Modiano so fremd und geheimnisvoll macht. Die Auseinandersetzung mit den Explosionen des 20. Jahrhunderts ist Modianos Thema. Dieses Mal ist es nicht der Holocaust, sondern die franz\u00f6sische Politik in den sechziger Jahren und die Aff\u00e4re um Ben Barka.<\/p>\n","protected":false},"excerpt":{"rendered":"<p>&nbsp; &nbsp; Patrick Modiano, Gr\u00e4ser der Nacht, DTV 2016, ISBN 978-3-423-14494-0 Der vorliegende Roman von Patrick Modiano ist das erste von ihm auf Deutsch ver\u00f6ffentlichte Buch seit der Verleihung des Literaturnobelpreises. Entsprechend beworben, waren die Erwartungen sicher nicht nur des Rezensenten an dieses Buch gro\u00df. Doch schon zu Beginn der Lekt\u00fcre dieses Liebesromans auf dem &hellip; <a href=\"https:\/\/blog.liesdoch.de\/?p=1795\" class=\"more-link\"><span class=\"screen-reader-text\">Gr\u00e4ser der Nacht<\/span> weiterlesen <span class=\"meta-nav\">&rarr;<\/span><\/a><\/p>\n","protected":false},"author":6,"featured_media":0,"comment_status":"open","ping_status":"open","sticky":false,"template":"","format":"standard","meta":{"footnotes":""},"categories":[1],"tags":[],"class_list":["post-1795","post","type-post","status-publish","format-standard","hentry","category-allgemein"],"_links":{"self":[{"href":"https:\/\/blog.liesdoch.de\/index.php?rest_route=\/wp\/v2\/posts\/1795","targetHints":{"allow":["GET"]}}],"collection":[{"href":"https:\/\/blog.liesdoch.de\/index.php?rest_route=\/wp\/v2\/posts"}],"about":[{"href":"https:\/\/blog.liesdoch.de\/index.php?rest_route=\/wp\/v2\/types\/post"}],"author":[{"embeddable":true,"href":"https:\/\/blog.liesdoch.de\/index.php?rest_route=\/wp\/v2\/users\/6"}],"replies":[{"embeddable":true,"href":"https:\/\/blog.liesdoch.de\/index.php?rest_route=%2Fwp%2Fv2%2Fcomments&post=1795"}],"version-history":[{"count":1,"href":"https:\/\/blog.liesdoch.de\/index.php?rest_route=\/wp\/v2\/posts\/1795\/revisions"}],"predecessor-version":[{"id":1797,"href":"https:\/\/blog.liesdoch.de\/index.php?rest_route=\/wp\/v2\/posts\/1795\/revisions\/1797"}],"wp:attachment":[{"href":"https:\/\/blog.liesdoch.de\/index.php?rest_route=%2Fwp%2Fv2%2Fmedia&parent=1795"}],"wp:term":[{"taxonomy":"category","embeddable":true,"href":"https:\/\/blog.liesdoch.de\/index.php?rest_route=%2Fwp%2Fv2%2Fcategories&post=1795"},{"taxonomy":"post_tag","embeddable":true,"href":"https:\/\/blog.liesdoch.de\/index.php?rest_route=%2Fwp%2Fv2%2Ftags&post=1795"}],"curies":[{"name":"wp","href":"https:\/\/api.w.org\/{rel}","templated":true}]}}