{"id":181,"date":"2015-06-01T13:22:32","date_gmt":"2015-06-01T11:22:32","guid":{"rendered":"http:\/\/blog.liesdoch.de\/?p=181"},"modified":"2015-06-01T13:22:32","modified_gmt":"2015-06-01T11:22:32","slug":"wie-ein-wolf","status":"publish","type":"post","link":"https:\/\/blog.liesdoch.de\/?p=181","title":{"rendered":"Wie ein Wolf"},"content":{"rendered":"<p>&nbsp;<\/p>\n<p><a href=\"http:\/\/blog.liesdoch.de\/wp-content\/uploads\/2015\/06\/40900117n.jpg\"><img loading=\"lazy\" decoding=\"async\" class=\"alignnone size-full wp-image-182\" src=\"http:\/\/blog.liesdoch.de\/wp-content\/uploads\/2015\/06\/40900117n.jpg\" alt=\"40900117n\" width=\"190\" height=\"232\" \/><\/a><\/p>\n<p>&nbsp;<\/p>\n<p>Geraldine Elschner, Antoine Guilloppe,\u00a0 minedition 2014, ISBN 978-3-86566-260-6<\/p>\n<p>&nbsp;<\/p>\n<p>Ein Hund ist die zun\u00e4chst sehr traurige Hauptfigur in diesem beeindruckenden Bilderbuch, dessen Illustrationen von Antoine Guilloppe auf faszinierende Weise mit den Farben Wei\u00df und Schwarz, mit Licht und Schatten spielen und immer wieder die Perspektive des Betrachters herausfordern.<\/p>\n<p>Der Hund f\u00fchrt ein miserables Leben in einem elenden Hinterhof, wo er angebunden ist und sein Leid hinausheult. Die Anwohner vergleichen ihn mit einem Wolf, weil er so aussieht und sich auch oft so benimmt. Sie haben Angst vor ihm. Nicht nur deshalb kommt er irgendwann in ein Tierheim. Niemand will ihn von dort mitnehmen wegen seiner Wolfsart.<\/p>\n<p>Als aber ein Sch\u00e4fer eines Tages kommt, erkennt er die Qualit\u00e4ten des Hundes sofort und nimmt ihn mit auf seinen Weiden zu seinen Schafen<\/p>\n<p>Und der Hund, der seine eigene Geschichte selbst erz\u00e4hlt, sagt am Ende: Endlich bin ich das geworden, was ich schon immer war: ein guter Hund.<\/p>\n<p>Ein ber\u00fchrendes Bilderbuch, das zu Gespr\u00e4chen dar\u00fcber einl\u00e4dt, ob es das, was der Hund erlebt, auch bei Menschenkindern gibt.<\/p>\n","protected":false},"excerpt":{"rendered":"<p>&nbsp; &nbsp; Geraldine Elschner, Antoine Guilloppe,\u00a0 minedition 2014, ISBN 978-3-86566-260-6 &nbsp; Ein Hund ist die zun\u00e4chst sehr traurige Hauptfigur in diesem beeindruckenden Bilderbuch, dessen Illustrationen von Antoine Guilloppe auf faszinierende Weise mit den Farben Wei\u00df und Schwarz, mit Licht und Schatten spielen und immer wieder die Perspektive des Betrachters herausfordern. Der Hund f\u00fchrt ein miserables &hellip; <a href=\"https:\/\/blog.liesdoch.de\/?p=181\" class=\"more-link\"><span class=\"screen-reader-text\">Wie ein Wolf<\/span> weiterlesen <span class=\"meta-nav\">&rarr;<\/span><\/a><\/p>\n","protected":false},"author":6,"featured_media":0,"comment_status":"open","ping_status":"open","sticky":false,"template":"","format":"standard","meta":{"footnotes":""},"categories":[1],"tags":[33,62],"class_list":["post-181","post","type-post","status-publish","format-standard","hentry","category-allgemein","tag-bilderbuch","tag-licht-und-schattentechnik"],"_links":{"self":[{"href":"https:\/\/blog.liesdoch.de\/index.php?rest_route=\/wp\/v2\/posts\/181","targetHints":{"allow":["GET"]}}],"collection":[{"href":"https:\/\/blog.liesdoch.de\/index.php?rest_route=\/wp\/v2\/posts"}],"about":[{"href":"https:\/\/blog.liesdoch.de\/index.php?rest_route=\/wp\/v2\/types\/post"}],"author":[{"embeddable":true,"href":"https:\/\/blog.liesdoch.de\/index.php?rest_route=\/wp\/v2\/users\/6"}],"replies":[{"embeddable":true,"href":"https:\/\/blog.liesdoch.de\/index.php?rest_route=%2Fwp%2Fv2%2Fcomments&post=181"}],"version-history":[{"count":1,"href":"https:\/\/blog.liesdoch.de\/index.php?rest_route=\/wp\/v2\/posts\/181\/revisions"}],"predecessor-version":[{"id":183,"href":"https:\/\/blog.liesdoch.de\/index.php?rest_route=\/wp\/v2\/posts\/181\/revisions\/183"}],"wp:attachment":[{"href":"https:\/\/blog.liesdoch.de\/index.php?rest_route=%2Fwp%2Fv2%2Fmedia&parent=181"}],"wp:term":[{"taxonomy":"category","embeddable":true,"href":"https:\/\/blog.liesdoch.de\/index.php?rest_route=%2Fwp%2Fv2%2Fcategories&post=181"},{"taxonomy":"post_tag","embeddable":true,"href":"https:\/\/blog.liesdoch.de\/index.php?rest_route=%2Fwp%2Fv2%2Ftags&post=181"}],"curies":[{"name":"wp","href":"https:\/\/api.w.org\/{rel}","templated":true}]}}