{"id":1823,"date":"2016-05-03T14:22:31","date_gmt":"2016-05-03T12:22:31","guid":{"rendered":"http:\/\/blog.liesdoch.de\/?p=1823"},"modified":"2016-05-03T14:22:31","modified_gmt":"2016-05-03T12:22:31","slug":"kater-clemens","status":"publish","type":"post","link":"https:\/\/blog.liesdoch.de\/?p=1823","title":{"rendered":"Kater Clemens"},"content":{"rendered":"<p>&nbsp;<\/p>\n<p><a href=\"http:\/\/blog.liesdoch.de\/wp-content\/uploads\/2016\/05\/44192546z.jpg\"><img loading=\"lazy\" decoding=\"async\" class=\"alignnone size-medium wp-image-1824\" src=\"http:\/\/blog.liesdoch.de\/wp-content\/uploads\/2016\/05\/44192546z-218x300.jpg\" alt=\"44192546z\" width=\"218\" height=\"300\" srcset=\"https:\/\/blog.liesdoch.de\/wp-content\/uploads\/2016\/05\/44192546z-218x300.jpg 218w, https:\/\/blog.liesdoch.de\/wp-content\/uploads\/2016\/05\/44192546z.jpg 306w\" sizes=\"auto, (max-width: 218px) 100vw, 218px\" \/><\/a><\/p>\n<p>&nbsp;<\/p>\n<p>Max Bolliger, J\u00fcrg Obrist, Kater Clemens, Kater Clemens, Atlantis 20126, ISBN 978-3-7152-0708-7<\/p>\n<p>&nbsp;<\/p>\n<p>Der 2013 verstorbene Max Bolliger und der Illustrator J\u00fcrg Obrist haben schon oft und erfolgreich zusammengearbeitet. Ich erinnere mich gerne an das Bilderbuch \u201eDer Hase mit den himmelblauen Ohren\u201c, das ich bei meinen Lesestunden in der hiesigen Kindertagesst\u00e4tte oft und gerne vorgelesen habe.<\/p>\n<p>In diesem 1993 zum ersten Mal erschienenen Buch ging es um die Entwicklung von Selbst-Bewusstsein im wahrsten Sinne des Wortes, um den Aufbau einer Ich-Identit\u00e4t, ohne die ein wirklich sinnvolles Menschenleben nicht m\u00f6glich ist.<\/p>\n<p>Zus\u00e4tzlich ging es um ein Ph\u00e4nomen, das jeder kennt, der einmal bewusst dar\u00fcber nachgedacht hat. Den Vorgang n\u00e4mlich, dass Selbstausgrenzung die Ausgrenzung durch andere geradezu hervorruft und nur dadurch beendet werden kann, dass der zuvor sich selbst au\u00dferhalb der Gemeinschaft Stellende sich wieder mit vollem Bewusstsein seiner selbst in diese Gemeinschaft hineinstellt, und nicht vorsichtig und scheu wartet, bis diese ihn etwa ruft.<\/p>\n<p>Auch das vorliegende Bilderbuch transportiert eine wichtige Botschaft. Es erz\u00e4hlt eine Geschichte \u00fcber den Wunsch beliebt zu sein und was einer alles daf\u00fcr tut oder l\u00e4sst. Sie erz\u00e4hlt aber auch von Gruppendruck, und wie bei dem vorher erw\u00e4hnten Buch geht es auch hier um Selbstsicherheit und um wahres Gl\u00fcck.<\/p>\n<p>Wie allen Katzen gef\u00e4llt es Clemens, durch Wiesen und W\u00e4lder zu streifen, M\u00e4usen nachzustellen oder sich in der Sonne zu r\u00e4keln. Er genie\u00dft es aber auch, beliebt zu sein. So haben die anderen Tiere des Bauernhofs ein leichtes Spiel, ihm allerlei aufzuschwatzen: \u201eDu solltest eine Brille tragen\u201c, sagt das Huhn. Die Kuh meint: \u201eSamtpfoten wie die deinen brauchen Schuhe.\u201c Und das Schaf schl\u00e4gt ihm vor, sich doch die Krallen rot zu f\u00e4rben. Als Clemens aber die Ratschl\u00e4ge befolgt, erntet er nur schallendes Gel\u00e4chter. Erschrocken l\u00e4uft er davon. Als er nach einigen Tagen zur\u00fcckkehrt, ist er wieder ganz er selbst und gerade darum ein liebenswerter Kater.<\/p>\n<p>Im Jahr 2000 zuerst erschienen, hat das Bilderbuch nichts von seiner Sch\u00f6nheit und Botschaft eingeb\u00fc\u00dft. Kinder k\u00f6nnen lernen, dass sie okay sind wie sie sind, und dass sie den Erwartungen der Anderen nicht gen\u00fcgen m\u00fcssen.<\/p>\n","protected":false},"excerpt":{"rendered":"<p>&nbsp; &nbsp; Max Bolliger, J\u00fcrg Obrist, Kater Clemens, Kater Clemens, Atlantis 20126, ISBN 978-3-7152-0708-7 &nbsp; Der 2013 verstorbene Max Bolliger und der Illustrator J\u00fcrg Obrist haben schon oft und erfolgreich zusammengearbeitet. Ich erinnere mich gerne an das Bilderbuch \u201eDer Hase mit den himmelblauen Ohren\u201c, das ich bei meinen Lesestunden in der hiesigen Kindertagesst\u00e4tte oft und &hellip; <a href=\"https:\/\/blog.liesdoch.de\/?p=1823\" class=\"more-link\"><span class=\"screen-reader-text\">Kater Clemens<\/span> weiterlesen <span class=\"meta-nav\">&rarr;<\/span><\/a><\/p>\n","protected":false},"author":6,"featured_media":0,"comment_status":"open","ping_status":"open","sticky":false,"template":"","format":"standard","meta":{"footnotes":""},"categories":[1],"tags":[33],"class_list":["post-1823","post","type-post","status-publish","format-standard","hentry","category-allgemein","tag-bilderbuch"],"_links":{"self":[{"href":"https:\/\/blog.liesdoch.de\/index.php?rest_route=\/wp\/v2\/posts\/1823","targetHints":{"allow":["GET"]}}],"collection":[{"href":"https:\/\/blog.liesdoch.de\/index.php?rest_route=\/wp\/v2\/posts"}],"about":[{"href":"https:\/\/blog.liesdoch.de\/index.php?rest_route=\/wp\/v2\/types\/post"}],"author":[{"embeddable":true,"href":"https:\/\/blog.liesdoch.de\/index.php?rest_route=\/wp\/v2\/users\/6"}],"replies":[{"embeddable":true,"href":"https:\/\/blog.liesdoch.de\/index.php?rest_route=%2Fwp%2Fv2%2Fcomments&post=1823"}],"version-history":[{"count":1,"href":"https:\/\/blog.liesdoch.de\/index.php?rest_route=\/wp\/v2\/posts\/1823\/revisions"}],"predecessor-version":[{"id":1825,"href":"https:\/\/blog.liesdoch.de\/index.php?rest_route=\/wp\/v2\/posts\/1823\/revisions\/1825"}],"wp:attachment":[{"href":"https:\/\/blog.liesdoch.de\/index.php?rest_route=%2Fwp%2Fv2%2Fmedia&parent=1823"}],"wp:term":[{"taxonomy":"category","embeddable":true,"href":"https:\/\/blog.liesdoch.de\/index.php?rest_route=%2Fwp%2Fv2%2Fcategories&post=1823"},{"taxonomy":"post_tag","embeddable":true,"href":"https:\/\/blog.liesdoch.de\/index.php?rest_route=%2Fwp%2Fv2%2Ftags&post=1823"}],"curies":[{"name":"wp","href":"https:\/\/api.w.org\/{rel}","templated":true}]}}