{"id":1827,"date":"2016-05-04T07:58:06","date_gmt":"2016-05-04T05:58:06","guid":{"rendered":"http:\/\/blog.liesdoch.de\/?p=1827"},"modified":"2016-05-04T07:58:06","modified_gmt":"2016-05-04T05:58:06","slug":"die-suche","status":"publish","type":"post","link":"https:\/\/blog.liesdoch.de\/?p=1827","title":{"rendered":"Die Suche"},"content":{"rendered":"<p>&nbsp;<\/p>\n<p>&nbsp;<\/p>\n<p><a href=\"http:\/\/blog.liesdoch.de\/wp-content\/uploads\/2016\/05\/44146543z.jpg\"><img loading=\"lazy\" decoding=\"async\" class=\"alignnone size-medium wp-image-1828\" src=\"http:\/\/blog.liesdoch.de\/wp-content\/uploads\/2016\/05\/44146543z-300x265.jpg\" alt=\"44146543z\" width=\"300\" height=\"265\" srcset=\"https:\/\/blog.liesdoch.de\/wp-content\/uploads\/2016\/05\/44146543z-300x265.jpg 300w, https:\/\/blog.liesdoch.de\/wp-content\/uploads\/2016\/05\/44146543z.jpg 340w\" sizes=\"auto, (max-width: 300px) 100vw, 300px\" \/><\/a><\/p>\n<p>&nbsp;<\/p>\n<p>Aaron Becker, Die Suche, Gerstenberg 2016, ISBN 978-3-8369-5890-5<\/p>\n<p>&nbsp;<\/p>\n<p>Schon im Jahr 2014 in den USA erschienen, hat der K\u00fcnstler Aaron Becker hier im Gerstenberg Verlag das zweite aus einer Trilogie von fantasievollen Bilderb\u00fcchern vorgelegt, das ganz ohne Worte auskommt.<\/p>\n<p>Das erste Buch \u201eDie Reise\u201c erz\u00e4hlte in immer farbenfroheren Bildern zun\u00e4chst von dem grauen Alltag eines kleinen M\u00e4dchens, f\u00fcr das niemand Zeit hat und mit dem niemand spielen will. Der Vater sitzt vor dem PC und die Mutter spielt mit ihrem Smartphone herum. Allein in ihrem noch grauen Zimmer f\u00e4llt ihr Blick auf einen magischen roten Stift, mit dem sie sich eine T\u00fcr malt, durch die sie in eine traumhafte Landschaft eintritt, in der ein kleiner Fluss durch einen dichten Wald flie\u00dft. Mit dem roten Stift den sie nat\u00fcrlich mitgenommen hat, entwirft sie sich ein Boot, und dann geht es ab auf eine abenteuerliche Reise durch magische Fantasiewelten. Immer wieder kann sie mit ihrem Stift das Geschehen in der Geschichte beeinflussen. Ein von ihr gerettetes Fabelwesen zeigt ihr den Weg zu einem neuen Freund.<\/p>\n<p>Diese beide erleben nun in dem vorliegenden zweiten Band der Trilogie mit dem Titel \u201eDie Suche\u201c ihr n\u00e4chstes Abenteuer. Am Anfang sind sie mit dem Fahrrad unterwegs und suchen unter einer Br\u00fccke Schutz vor dem Regen. Mitten im Br\u00fcckenpfeiler \u00f6ffnet sich pl\u00f6tzlich eine T\u00fcr, in der ein geheimnisvoller K\u00f6nig erscheint und den beiden Kindern eine mysteri\u00f6se Karte aush\u00e4ndigt. Wohin die Karte die beiden wohl f\u00fchrt? Und: ist der K\u00f6nig in Gefahr? Unter der F\u00fchrung eines violetten Vogels begeben sie sich auf wundersame Reise durch selbst erdachte R\u00e4ume und erleben aufregende Welten und Abenteuer.<\/p>\n<p>Vielleicht noch genialer gezeichnet als der erste Band, dessen Geschichte und Botschaft auch kleinere Kinder sehr gut verstehen konnten, macht \u00a0\u201eDie Suche\u201c jedoch selbst beim mehrfachen Betrachten und Studieren schon Probleme beim Verst\u00e4ndnis der Handlung. Mir jedenfalls ging das so.<\/p>\n<p>Vielleicht ist es ja Kindern viel leichter m\u00f6glich, sich in eine Vorstellungswelt aus Traumreisen zu begeben.<\/p>\n<p>Ein ungew\u00f6hnliches Bilderbuch, das ganz ohne Worte eine gro\u00dfe Geschichte erz\u00e4hlt und bei jedem neuen Betrachten neue Geheimnisse enth\u00fcllt, die man vorher nicht bemerkt hat.<\/p>\n","protected":false},"excerpt":{"rendered":"<p>&nbsp; &nbsp; &nbsp; Aaron Becker, Die Suche, Gerstenberg 2016, ISBN 978-3-8369-5890-5 &nbsp; Schon im Jahr 2014 in den USA erschienen, hat der K\u00fcnstler Aaron Becker hier im Gerstenberg Verlag das zweite aus einer Trilogie von fantasievollen Bilderb\u00fcchern vorgelegt, das ganz ohne Worte auskommt. Das erste Buch \u201eDie Reise\u201c erz\u00e4hlte in immer farbenfroheren Bildern zun\u00e4chst von &hellip; <a href=\"https:\/\/blog.liesdoch.de\/?p=1827\" class=\"more-link\"><span class=\"screen-reader-text\">Die Suche<\/span> weiterlesen <span class=\"meta-nav\">&rarr;<\/span><\/a><\/p>\n","protected":false},"author":6,"featured_media":0,"comment_status":"open","ping_status":"open","sticky":false,"template":"","format":"standard","meta":{"footnotes":""},"categories":[1],"tags":[33],"class_list":["post-1827","post","type-post","status-publish","format-standard","hentry","category-allgemein","tag-bilderbuch"],"_links":{"self":[{"href":"https:\/\/blog.liesdoch.de\/index.php?rest_route=\/wp\/v2\/posts\/1827","targetHints":{"allow":["GET"]}}],"collection":[{"href":"https:\/\/blog.liesdoch.de\/index.php?rest_route=\/wp\/v2\/posts"}],"about":[{"href":"https:\/\/blog.liesdoch.de\/index.php?rest_route=\/wp\/v2\/types\/post"}],"author":[{"embeddable":true,"href":"https:\/\/blog.liesdoch.de\/index.php?rest_route=\/wp\/v2\/users\/6"}],"replies":[{"embeddable":true,"href":"https:\/\/blog.liesdoch.de\/index.php?rest_route=%2Fwp%2Fv2%2Fcomments&post=1827"}],"version-history":[{"count":1,"href":"https:\/\/blog.liesdoch.de\/index.php?rest_route=\/wp\/v2\/posts\/1827\/revisions"}],"predecessor-version":[{"id":1829,"href":"https:\/\/blog.liesdoch.de\/index.php?rest_route=\/wp\/v2\/posts\/1827\/revisions\/1829"}],"wp:attachment":[{"href":"https:\/\/blog.liesdoch.de\/index.php?rest_route=%2Fwp%2Fv2%2Fmedia&parent=1827"}],"wp:term":[{"taxonomy":"category","embeddable":true,"href":"https:\/\/blog.liesdoch.de\/index.php?rest_route=%2Fwp%2Fv2%2Fcategories&post=1827"},{"taxonomy":"post_tag","embeddable":true,"href":"https:\/\/blog.liesdoch.de\/index.php?rest_route=%2Fwp%2Fv2%2Ftags&post=1827"}],"curies":[{"name":"wp","href":"https:\/\/api.w.org\/{rel}","templated":true}]}}