{"id":1847,"date":"2016-05-10T09:44:43","date_gmt":"2016-05-10T07:44:43","guid":{"rendered":"http:\/\/blog.liesdoch.de\/?p=1847"},"modified":"2016-05-10T09:44:43","modified_gmt":"2016-05-10T07:44:43","slug":"die-geschichte-vm-loewen-der-nicht-schwimmen-konnte","status":"publish","type":"post","link":"https:\/\/blog.liesdoch.de\/?p=1847","title":{"rendered":"Die Geschichte vm L\u00f6wen, der nicht schwimmen konnte"},"content":{"rendered":"<p>&nbsp;<\/p>\n<p>&nbsp;<\/p>\n<p><a href=\"http:\/\/blog.liesdoch.de\/wp-content\/uploads\/2016\/05\/44188907z.jpg\"><img loading=\"lazy\" decoding=\"async\" class=\"alignnone size-medium wp-image-1848\" src=\"http:\/\/blog.liesdoch.de\/wp-content\/uploads\/2016\/05\/44188907z-300x198.jpg\" alt=\"44188907z\" width=\"300\" height=\"198\" srcset=\"https:\/\/blog.liesdoch.de\/wp-content\/uploads\/2016\/05\/44188907z-300x198.jpg 300w, https:\/\/blog.liesdoch.de\/wp-content\/uploads\/2016\/05\/44188907z.jpg 475w\" sizes=\"auto, (max-width: 300px) 100vw, 300px\" \/><\/a><\/p>\n<p>Martin Baltscheit, Die Geschichte vom L\u00f6wen, der nicht schwimmen konnte, Beltz 2016, ISBN 978-3-407-82118-8<\/p>\n<p>&nbsp;<\/p>\n<p>Nach dem \u00fcberragenden Erfolg, den der Beltz-Verlag mit der Wiederauflage jener schon 2002 zum ersten Mal erschienenen Geschichte von einem L\u00f6wen, der nicht schreiben kann, hatte, hatte Martin Baltscheit ein weiteres dem Vorg\u00e4nger \u00e4hnliches Buch nachgelegt unter dem Titel \u201eDie Geschichte vom L\u00f6wen, der nicht bis drei z\u00e4hlen konnte\u201c.<\/p>\n<p>Nun, 2016, \u00fcberrascht er mit einen dritten\u00a0 Band der Serie. In \u201eDer L\u00f6we, der nicht schwimmen konnte\u201c, wieder in wunderbaren Reimen verfasst, erz\u00e4hlt er die Geschichte vom stolzen L\u00f6wen, der Schwimmen zun\u00e4chst etwas f\u00fcr Schw\u00e4ne h\u00e4lt. Als jedoch seine L\u00f6win wegen der Schneeschmelze bei gestiegenem Wasserstand auf einer Insel im See festsitzt, die vorher ein H\u00fcgel war und sie laut nach Rettung ruft, hat der L\u00f6we ein Problem.<\/p>\n<p>Der Frosch, die Ente, das Krokodil, die Fische und der Floh geben ihm aus ihrer Praxis gute Ratschl\u00e4ge, die der L\u00f6we aber alle verwirft. Er phantasiert gerade \u00fcber ein Flugzeug, als ihn die Grille einen feigen L\u00f6wen nennt.<\/p>\n<p>Das kann er nicht auf sich sitzen lassen. Er st\u00fcrzt sich ins Wasser und schwimmt zur Insel. Doch dort erlebt er eine \u00dcberraschung\u2026<\/p>\n<p>Ein wundersch\u00f6nes Bilderbuch nicht nur \u00fcber die Kunst des Schwimmens, sondern auch \u00fcber die Weisheit verliebter L\u00f6winnen.<\/p>\n","protected":false},"excerpt":{"rendered":"<p>&nbsp; &nbsp; Martin Baltscheit, Die Geschichte vom L\u00f6wen, der nicht schwimmen konnte, Beltz 2016, ISBN 978-3-407-82118-8 &nbsp; Nach dem \u00fcberragenden Erfolg, den der Beltz-Verlag mit der Wiederauflage jener schon 2002 zum ersten Mal erschienenen Geschichte von einem L\u00f6wen, der nicht schreiben kann, hatte, hatte Martin Baltscheit ein weiteres dem Vorg\u00e4nger \u00e4hnliches Buch nachgelegt unter dem &hellip; <a href=\"https:\/\/blog.liesdoch.de\/?p=1847\" class=\"more-link\"><span class=\"screen-reader-text\">Die Geschichte vm L\u00f6wen, der nicht schwimmen konnte<\/span> weiterlesen <span class=\"meta-nav\">&rarr;<\/span><\/a><\/p>\n","protected":false},"author":6,"featured_media":0,"comment_status":"open","ping_status":"open","sticky":false,"template":"","format":"standard","meta":{"footnotes":""},"categories":[1],"tags":[33],"class_list":["post-1847","post","type-post","status-publish","format-standard","hentry","category-allgemein","tag-bilderbuch"],"_links":{"self":[{"href":"https:\/\/blog.liesdoch.de\/index.php?rest_route=\/wp\/v2\/posts\/1847","targetHints":{"allow":["GET"]}}],"collection":[{"href":"https:\/\/blog.liesdoch.de\/index.php?rest_route=\/wp\/v2\/posts"}],"about":[{"href":"https:\/\/blog.liesdoch.de\/index.php?rest_route=\/wp\/v2\/types\/post"}],"author":[{"embeddable":true,"href":"https:\/\/blog.liesdoch.de\/index.php?rest_route=\/wp\/v2\/users\/6"}],"replies":[{"embeddable":true,"href":"https:\/\/blog.liesdoch.de\/index.php?rest_route=%2Fwp%2Fv2%2Fcomments&post=1847"}],"version-history":[{"count":1,"href":"https:\/\/blog.liesdoch.de\/index.php?rest_route=\/wp\/v2\/posts\/1847\/revisions"}],"predecessor-version":[{"id":1849,"href":"https:\/\/blog.liesdoch.de\/index.php?rest_route=\/wp\/v2\/posts\/1847\/revisions\/1849"}],"wp:attachment":[{"href":"https:\/\/blog.liesdoch.de\/index.php?rest_route=%2Fwp%2Fv2%2Fmedia&parent=1847"}],"wp:term":[{"taxonomy":"category","embeddable":true,"href":"https:\/\/blog.liesdoch.de\/index.php?rest_route=%2Fwp%2Fv2%2Fcategories&post=1847"},{"taxonomy":"post_tag","embeddable":true,"href":"https:\/\/blog.liesdoch.de\/index.php?rest_route=%2Fwp%2Fv2%2Ftags&post=1847"}],"curies":[{"name":"wp","href":"https:\/\/api.w.org\/{rel}","templated":true}]}}