{"id":1906,"date":"2016-05-23T14:42:07","date_gmt":"2016-05-23T12:42:07","guid":{"rendered":"http:\/\/blog.liesdoch.de\/?p=1906"},"modified":"2016-05-23T14:42:07","modified_gmt":"2016-05-23T12:42:07","slug":"das-wetter-in-bildern","status":"publish","type":"post","link":"https:\/\/blog.liesdoch.de\/?p=1906","title":{"rendered":"Das Wetter in Bildern"},"content":{"rendered":"<p>&nbsp;<\/p>\n<p>&nbsp;<\/p>\n<p><a href=\"http:\/\/blog.liesdoch.de\/wp-content\/uploads\/2016\/05\/44225502z.jpg\"><img loading=\"lazy\" decoding=\"async\" class=\"alignnone size-medium wp-image-1907\" src=\"http:\/\/blog.liesdoch.de\/wp-content\/uploads\/2016\/05\/44225502z-300x183.jpg\" alt=\"44225502z\" width=\"300\" height=\"183\" srcset=\"https:\/\/blog.liesdoch.de\/wp-content\/uploads\/2016\/05\/44225502z-300x183.jpg 300w, https:\/\/blog.liesdoch.de\/wp-content\/uploads\/2016\/05\/44225502z.jpg 475w\" sizes=\"auto, (max-width: 300px) 100vw, 300px\" \/><\/a><\/p>\n<p>&nbsp;<\/p>\n<p>Alan Watts, Das Wetter in Bildern, Delius Klasing 2016, ISBN 978-3-667-10429-8<\/p>\n<p>&nbsp;<\/p>\n<p>Das Wetter interessierte in fr\u00fcheren Zeiten haupts\u00e4chlich die Landwirte. Sie konnten sich bei ihrer Vorhersage und Einsch\u00e4tzung auf ein breites Wissen st\u00fctzen und konnten oft mit einem einzigen Blick in den Himmel sagen, wie sich das Wetter entwickeln wird.<\/p>\n<p>&nbsp;<\/p>\n<p>Heutzutage ist es f\u00fcr viele Menschen extrem wichtig und f\u00fcr ihr Wohlbefinden unabdingbar zu wissen, wie das Wetter wird. In Radio und Fernsehen wird darum mit speziellen Moderatoren ein gro\u00dfer Aufwand betrieben. Die fr\u00fchere \u201eWetterkarte\u201c hat sich zu einer eigenen Show entwickelt und die verschiedenen Sender konkurrieren auch hier miteinander. Hinzu kommen zu zahllosen Apps auf unseren Smartphones, die uns punktgenau f\u00fcr unser jeweiligen Standort etwa sagen k\u00f6nnen, ob es in den n\u00e4chsten beiden Stunden regnen wird oder nicht.<\/p>\n<p>&nbsp;<\/p>\n<p>Das vorliegenden kleine Buch aus dem Delius Klasing Verlag zeigt, wie man auch ohne elektronische Unterst\u00fctzung lernen kann, aktuelle Wetterabl\u00e4ufe relativ pr\u00e4zise zu prognostizieren.24 ganzseitige Fotos von unterschiedlichen Wolkenformationen zusammen mit sehr gut verst\u00e4ndlichen Erl\u00e4uterungen zeigen dem Leser, wie er die Zeichen des Himmels deuten und Wetterverl\u00e4ufe richtig einsch\u00e4tzen kann und damit seine Freunde oder Kollegen \u00fcberraschen kann.<\/p>\n<p>&nbsp;<\/p>\n<p>Der Autor verspricht: \u201eMit diesem Buch in der Tasche erhalten Sie f\u00fcr Ihren eigenen Standort genauere Prognosen f\u00fcr die kurzfristige Wetterentwicklung, als es Ihnen die gro\u00dfr\u00e4umigen Vorhersagen der Medien geben k\u00f6nnen.\u201c\u00a0 Probieren Sie es aus!<\/p>\n<p>&nbsp;<\/p>\n<p>&nbsp;<\/p>\n","protected":false},"excerpt":{"rendered":"<p>&nbsp; &nbsp; &nbsp; Alan Watts, Das Wetter in Bildern, Delius Klasing 2016, ISBN 978-3-667-10429-8 &nbsp; Das Wetter interessierte in fr\u00fcheren Zeiten haupts\u00e4chlich die Landwirte. Sie konnten sich bei ihrer Vorhersage und Einsch\u00e4tzung auf ein breites Wissen st\u00fctzen und konnten oft mit einem einzigen Blick in den Himmel sagen, wie sich das Wetter entwickeln wird. &nbsp; &hellip; <a href=\"https:\/\/blog.liesdoch.de\/?p=1906\" class=\"more-link\"><span class=\"screen-reader-text\">Das Wetter in Bildern<\/span> weiterlesen <span class=\"meta-nav\">&rarr;<\/span><\/a><\/p>\n","protected":false},"author":6,"featured_media":0,"comment_status":"open","ping_status":"open","sticky":false,"template":"","format":"standard","meta":{"footnotes":""},"categories":[1],"tags":[365],"class_list":["post-1906","post","type-post","status-publish","format-standard","hentry","category-allgemein","tag-wetter"],"_links":{"self":[{"href":"https:\/\/blog.liesdoch.de\/index.php?rest_route=\/wp\/v2\/posts\/1906","targetHints":{"allow":["GET"]}}],"collection":[{"href":"https:\/\/blog.liesdoch.de\/index.php?rest_route=\/wp\/v2\/posts"}],"about":[{"href":"https:\/\/blog.liesdoch.de\/index.php?rest_route=\/wp\/v2\/types\/post"}],"author":[{"embeddable":true,"href":"https:\/\/blog.liesdoch.de\/index.php?rest_route=\/wp\/v2\/users\/6"}],"replies":[{"embeddable":true,"href":"https:\/\/blog.liesdoch.de\/index.php?rest_route=%2Fwp%2Fv2%2Fcomments&post=1906"}],"version-history":[{"count":1,"href":"https:\/\/blog.liesdoch.de\/index.php?rest_route=\/wp\/v2\/posts\/1906\/revisions"}],"predecessor-version":[{"id":1908,"href":"https:\/\/blog.liesdoch.de\/index.php?rest_route=\/wp\/v2\/posts\/1906\/revisions\/1908"}],"wp:attachment":[{"href":"https:\/\/blog.liesdoch.de\/index.php?rest_route=%2Fwp%2Fv2%2Fmedia&parent=1906"}],"wp:term":[{"taxonomy":"category","embeddable":true,"href":"https:\/\/blog.liesdoch.de\/index.php?rest_route=%2Fwp%2Fv2%2Fcategories&post=1906"},{"taxonomy":"post_tag","embeddable":true,"href":"https:\/\/blog.liesdoch.de\/index.php?rest_route=%2Fwp%2Fv2%2Ftags&post=1906"}],"curies":[{"name":"wp","href":"https:\/\/api.w.org\/{rel}","templated":true}]}}