{"id":1910,"date":"2016-05-23T14:54:17","date_gmt":"2016-05-23T12:54:17","guid":{"rendered":"http:\/\/blog.liesdoch.de\/?p=1910"},"modified":"2016-05-23T14:54:17","modified_gmt":"2016-05-23T12:54:17","slug":"die-schoensten-e-bike-touren-in-den-alpen","status":"publish","type":"post","link":"https:\/\/blog.liesdoch.de\/?p=1910","title":{"rendered":"Die sch\u00f6nsten E-Bike-Touren in den Alpen"},"content":{"rendered":"<p>&nbsp;<\/p>\n<p>&nbsp;<\/p>\n<p><a href=\"http:\/\/blog.liesdoch.de\/wp-content\/uploads\/2016\/05\/44227249z.jpg\"><img loading=\"lazy\" decoding=\"async\" class=\"alignnone size-medium wp-image-1911\" src=\"http:\/\/blog.liesdoch.de\/wp-content\/uploads\/2016\/05\/44227249z-261x300.jpg\" alt=\"44227249z\" width=\"261\" height=\"300\" srcset=\"https:\/\/blog.liesdoch.de\/wp-content\/uploads\/2016\/05\/44227249z-261x300.jpg 261w, https:\/\/blog.liesdoch.de\/wp-content\/uploads\/2016\/05\/44227249z.jpg 414w\" sizes=\"auto, (max-width: 261px) 100vw, 261px\" \/><\/a><\/p>\n<p>&nbsp;<\/p>\n<p>Armin Herb, Daniel Simon, Die sch\u00f6nsten E-Bike Touren in den Alpen, Delius Klasing 2016, ISBN 978-3-667-10453-3<\/p>\n<p>&nbsp;<\/p>\n<p>Wer sich mit einem normalen Fahrrad nicht traut, aber gerne eine Tour durch die Alpen machen m\u00f6chte, den bringt dieses hervorragende Buch sicher auf den Geschmack und hat auch die L\u00f6sung parat: das E-Bike.<\/p>\n<p>Armin Herb und Daniel Simon haben in diesem reich bebilderten Werk 25 Alpentouren unterschiedlicher Schwierigkeitsgrade zusammengestellt, die sich mit elektrischem R\u00fcckenwind auch von &#8222;Flachlandtirolern&#8220; bew\u00e4ltigen lassen. Einige dieser Touren f\u00fchren entlang von Fl\u00fcssen wie dem Inn (von Maloja nach Wasserburg) und der Isar (vom Karwendel nach M\u00fcnchen) und sind leichter zu schaffen, als mancher denken mag. Mit dem E-Bike sowieso. Eine der sch\u00f6nsten Radtouren f\u00fchrt \u00fcber fast 500 km &#8222;Vom Bodensee zum K\u00f6nigssee&#8220;.\u00a0Auch Touren in Italien, der Schweiz und \u00d6sterreich sind beschrieben, etwa von Salzburg nach Grado an der Adria oder vom Bodensee zum Lago Maggiore.<\/p>\n<p>Vorgestellt werden sowohl Eintages- als auch Mehrtagestouren inklusive GPS-Daten. Dazu gibt&#8217;s die entsprechenden Karten und H\u00f6henprofile zum Nachfahren. Weitere Tipps und Infos der Autoren z.B. zu Bike-Verleih, Akkuleistung, Reparaturen und Fahrtechnik runden den Textteil ab.<\/p>\n<p>Anspruchsvolle Touren durch die Alpen sind mit dem E-Bike auch f\u00fcr Nicht-Extremsportler realisierbar, das zeigt dieses sch\u00f6ne Buch \u00fcberzeugend. Wer gerne Rad f\u00e4hrt, der kann nach dem Bl\u00e4ttern in diesem Buch gar nicht anders als schon bald eine Tour zu planen.<\/p>\n<p>Der Inhalt des Buches:<\/p>\n<p>&nbsp;<\/p>\n<ul>\n<li>Wunderbare Touren \u2013 f\u00fcr Jedermann<\/li>\n<li>Tipps zu Bike-Verleihen, Hotels und Einkehrm\u00f6glichkeiten<\/li>\n<li>Tipps zu Akkuleistung, -technik, Reparaturen und Fahrtechnik<\/li>\n<li>GPS-Daten zu den beschriebenen Touren stehen zum Download bereit<\/li>\n<li>Karten und H\u00f6henprofile zum Nachfahren<\/li>\n<\/ul>\n<p>&nbsp;<\/p>\n","protected":false},"excerpt":{"rendered":"<p>&nbsp; &nbsp; &nbsp; Armin Herb, Daniel Simon, Die sch\u00f6nsten E-Bike Touren in den Alpen, Delius Klasing 2016, ISBN 978-3-667-10453-3 &nbsp; Wer sich mit einem normalen Fahrrad nicht traut, aber gerne eine Tour durch die Alpen machen m\u00f6chte, den bringt dieses hervorragende Buch sicher auf den Geschmack und hat auch die L\u00f6sung parat: das E-Bike. Armin &hellip; <a href=\"https:\/\/blog.liesdoch.de\/?p=1910\" class=\"more-link\"><span class=\"screen-reader-text\">Die sch\u00f6nsten E-Bike-Touren in den Alpen<\/span> weiterlesen <span class=\"meta-nav\">&rarr;<\/span><\/a><\/p>\n","protected":false},"author":6,"featured_media":0,"comment_status":"open","ping_status":"open","sticky":false,"template":"","format":"standard","meta":{"footnotes":""},"categories":[1],"tags":[],"class_list":["post-1910","post","type-post","status-publish","format-standard","hentry","category-allgemein"],"_links":{"self":[{"href":"https:\/\/blog.liesdoch.de\/index.php?rest_route=\/wp\/v2\/posts\/1910","targetHints":{"allow":["GET"]}}],"collection":[{"href":"https:\/\/blog.liesdoch.de\/index.php?rest_route=\/wp\/v2\/posts"}],"about":[{"href":"https:\/\/blog.liesdoch.de\/index.php?rest_route=\/wp\/v2\/types\/post"}],"author":[{"embeddable":true,"href":"https:\/\/blog.liesdoch.de\/index.php?rest_route=\/wp\/v2\/users\/6"}],"replies":[{"embeddable":true,"href":"https:\/\/blog.liesdoch.de\/index.php?rest_route=%2Fwp%2Fv2%2Fcomments&post=1910"}],"version-history":[{"count":1,"href":"https:\/\/blog.liesdoch.de\/index.php?rest_route=\/wp\/v2\/posts\/1910\/revisions"}],"predecessor-version":[{"id":1912,"href":"https:\/\/blog.liesdoch.de\/index.php?rest_route=\/wp\/v2\/posts\/1910\/revisions\/1912"}],"wp:attachment":[{"href":"https:\/\/blog.liesdoch.de\/index.php?rest_route=%2Fwp%2Fv2%2Fmedia&parent=1910"}],"wp:term":[{"taxonomy":"category","embeddable":true,"href":"https:\/\/blog.liesdoch.de\/index.php?rest_route=%2Fwp%2Fv2%2Fcategories&post=1910"},{"taxonomy":"post_tag","embeddable":true,"href":"https:\/\/blog.liesdoch.de\/index.php?rest_route=%2Fwp%2Fv2%2Ftags&post=1910"}],"curies":[{"name":"wp","href":"https:\/\/api.w.org\/{rel}","templated":true}]}}