{"id":1923,"date":"2016-05-24T16:30:35","date_gmt":"2016-05-24T14:30:35","guid":{"rendered":"http:\/\/blog.liesdoch.de\/?p=1923"},"modified":"2016-05-24T16:30:35","modified_gmt":"2016-05-24T14:30:35","slug":"das-kind-die-entwicklung-in-der-ersten-drei-jahren","status":"publish","type":"post","link":"https:\/\/blog.liesdoch.de\/?p=1923","title":{"rendered":"Das Kind. Die Entwicklung in der ersten drei Jahren"},"content":{"rendered":"<p>&nbsp;<\/p>\n<p>&nbsp;<\/p>\n<p><a href=\"http:\/\/blog.liesdoch.de\/wp-content\/uploads\/2016\/05\/44452308z.jpg\"><img loading=\"lazy\" decoding=\"async\" class=\"alignnone size-full wp-image-1924\" src=\"http:\/\/blog.liesdoch.de\/wp-content\/uploads\/2016\/05\/44452308z.jpg\" alt=\"44452308z\" width=\"200\" height=\"274\" \/><\/a><\/p>\n<p>&nbsp;<\/p>\n<p>Katrin Hille, Das Kind- Die Entwicklung in den ersten Jahren, Hep Verlag 2016, ISBN 978-3-03822-019-0<\/p>\n<p>&nbsp;<\/p>\n<p>Immer mehr Kinder unter drei Jahren befinden sich einen wesentlichen Teil des Tages nicht bei den Eltern oder Gro\u00dfeltern, sondern nehmen\u00a0 an professionellen Betreuungsangebote wie Krippe, Kindergarten oder Tagesm\u00fcttern teil.<\/p>\n<p>&nbsp;<\/p>\n<p>Die p\u00e4dagogische Arbeit mit Kindern unter drei Jahren stellt die Erzieherinnen und Betreuerinnen in den Einrichtungen vor neue Aufgaben, auf die sie in ihrer bisherigen Ausbildung vielleicht nicht ausreichend vorbereitet wurden.<\/p>\n<p>&nbsp;<\/p>\n<p>Dieses Buch aus dem Berner Hep-Verlag will Menschen dabei helfen, Kinder unter drei Jahren professionell zu begleiten und zu f\u00f6rdern. Es versteht sich ausdr\u00fccklich nicht als Lehrbuch, sondern hat den Anspruch, ein Verstehbuch zu sein. Es versammelt, gut aufgebaut und strukturiert, den Stand der heutigen Wissenschaften und vermittelt einen idealen Einstieg in die wesentlichen Themen der Entwicklung eines Kindes in seinen ersten drei Lebensjahren.<\/p>\n<p>&nbsp;<\/p>\n<p>Es will deshalb nicht nur ein guter Begleiter in\u00a0 der Ausbildung zur Erzieherin sein, sondern kann auch sozusagen berufsbegleitend auch schon erfahrene Kr\u00e4fte in ihrem Wissen updaten.<\/p>\n<p>&nbsp;<\/p>\n<p>Inhaltlich\u00a0 geht es in diesem Buch nach den Grundlagen (Wahrnehmung, Lernen, Bed\u00fcrfnisse und ihre Regulation) um die Themen:<\/p>\n<ul>\n<li>Motorische Entwicklung<\/li>\n<li>Sprachliche Entwicklung<\/li>\n<li>Kognitive Entwicklung<\/li>\n<li>Beziehung und Interaktion<\/li>\n<\/ul>\n<p>&nbsp;<\/p>\n<p>Ein unverzichtbares Buch f\u00fcr alle Auszubildenden in diesem Bereich und ein guter Check-Up f\u00fcr alle praktizierenden P\u00e4dagogen.<\/p>\n<p>&nbsp;<\/p>\n<p>&nbsp;<\/p>\n","protected":false},"excerpt":{"rendered":"<p>&nbsp; &nbsp; &nbsp; Katrin Hille, Das Kind- Die Entwicklung in den ersten Jahren, Hep Verlag 2016, ISBN 978-3-03822-019-0 &nbsp; Immer mehr Kinder unter drei Jahren befinden sich einen wesentlichen Teil des Tages nicht bei den Eltern oder Gro\u00dfeltern, sondern nehmen\u00a0 an professionellen Betreuungsangebote wie Krippe, Kindergarten oder Tagesm\u00fcttern teil. &nbsp; Die p\u00e4dagogische Arbeit mit Kindern &hellip; <a href=\"https:\/\/blog.liesdoch.de\/?p=1923\" class=\"more-link\"><span class=\"screen-reader-text\">Das Kind. Die Entwicklung in der ersten drei Jahren<\/span> weiterlesen <span class=\"meta-nav\">&rarr;<\/span><\/a><\/p>\n","protected":false},"author":6,"featured_media":0,"comment_status":"open","ping_status":"open","sticky":false,"template":"","format":"standard","meta":{"footnotes":""},"categories":[1],"tags":[],"class_list":["post-1923","post","type-post","status-publish","format-standard","hentry","category-allgemein"],"_links":{"self":[{"href":"https:\/\/blog.liesdoch.de\/index.php?rest_route=\/wp\/v2\/posts\/1923","targetHints":{"allow":["GET"]}}],"collection":[{"href":"https:\/\/blog.liesdoch.de\/index.php?rest_route=\/wp\/v2\/posts"}],"about":[{"href":"https:\/\/blog.liesdoch.de\/index.php?rest_route=\/wp\/v2\/types\/post"}],"author":[{"embeddable":true,"href":"https:\/\/blog.liesdoch.de\/index.php?rest_route=\/wp\/v2\/users\/6"}],"replies":[{"embeddable":true,"href":"https:\/\/blog.liesdoch.de\/index.php?rest_route=%2Fwp%2Fv2%2Fcomments&post=1923"}],"version-history":[{"count":1,"href":"https:\/\/blog.liesdoch.de\/index.php?rest_route=\/wp\/v2\/posts\/1923\/revisions"}],"predecessor-version":[{"id":1925,"href":"https:\/\/blog.liesdoch.de\/index.php?rest_route=\/wp\/v2\/posts\/1923\/revisions\/1925"}],"wp:attachment":[{"href":"https:\/\/blog.liesdoch.de\/index.php?rest_route=%2Fwp%2Fv2%2Fmedia&parent=1923"}],"wp:term":[{"taxonomy":"category","embeddable":true,"href":"https:\/\/blog.liesdoch.de\/index.php?rest_route=%2Fwp%2Fv2%2Fcategories&post=1923"},{"taxonomy":"post_tag","embeddable":true,"href":"https:\/\/blog.liesdoch.de\/index.php?rest_route=%2Fwp%2Fv2%2Ftags&post=1923"}],"curies":[{"name":"wp","href":"https:\/\/api.w.org\/{rel}","templated":true}]}}